{"id":1143,"date":"2020-05-26T09:20:52","date_gmt":"2020-05-26T07:20:52","guid":{"rendered":"http:\/\/tomil.de\/fotoshopwp\/?p=1143"},"modified":"2020-05-26T09:28:28","modified_gmt":"2020-05-26T07:28:28","slug":"zentrale-kustodie-der-mlu-2019","status":"publish","type":"post","link":"https:\/\/tomil.de\/fotoshopwp\/zentrale-kustodie-der-mlu-2019\/","title":{"rendered":"Zentrale Kustodie der MLU"},"content":{"rendered":"<div class='flex_column av-ercysx-2f025a3566c4070ea60b31dd6bad46a3 av_two_third  avia-builder-el-0  el_before_av_one_third  avia-builder-el-first  first flex_column_div '     ><style type=\"text\/css\" data-created_by=\"avia_inline_auto\" id=\"style-css-av-kai5dulh-2b0ab12d4bc6fea21ba4f61d9620312b\">\n#top .avia-gallery.av-kai5dulh-2b0ab12d4bc6fea21ba4f61d9620312b .avia-gallery-thumb a{\nwidth:25%;\n}\n<\/style>\n<div  class='avia-gallery av-kai5dulh-2b0ab12d4bc6fea21ba4f61d9620312b avia_animate_when_visible  avia-builder-el-1  avia-builder-el-no-sibling  avia_lazyload avia-gallery-animate avia-gallery-1'  itemprop=\"image\" itemscope=\"itemscope\" itemtype=\"https:\/\/schema.org\/ImageObject\" ><meta itemprop=\"contentURL\" content=\"https:\/\/tomil.de\/fotoshopwp\/zentrale-kustodie-der-mlu-2019\/\"><a class='avia-gallery-big fakeLightbox lightbox avia-gallery-big-crop-thumb ' href=\"https:\/\/tomil.de\/fotoshopwp\/wp-content\/uploads\/2020\/05\/DSC_8931-1030x685.jpg\" data-srcset=\"https:\/\/tomil.de\/fotoshopwp\/wp-content\/uploads\/2020\/05\/DSC_8931-1030x685.jpg 1030w, https:\/\/tomil.de\/fotoshopwp\/wp-content\/uploads\/2020\/05\/DSC_8931-600x399.jpg 600w, https:\/\/tomil.de\/fotoshopwp\/wp-content\/uploads\/2020\/05\/DSC_8931-300x200.jpg 300w, https:\/\/tomil.de\/fotoshopwp\/wp-content\/uploads\/2020\/05\/DSC_8931-1500x998.jpg 1500w, https:\/\/tomil.de\/fotoshopwp\/wp-content\/uploads\/2020\/05\/DSC_8931-705x469.jpg 705w, https:\/\/tomil.de\/fotoshopwp\/wp-content\/uploads\/2020\/05\/DSC_8931.jpg 2048w\" data-sizes=\"(max-width: 1030px) 100vw, 1030px\"  data-onclick='1' title='DSC_8931' ><span class='avia-gallery-big-inner'  itemprop=\"thumbnailUrl\" ><img decoding=\"async\" class=\"wp-image-1155 avia-img-lazy-loading-not-1155\"  width=\"2048\" height=\"1363\" src=\"https:\/\/tomil.de\/fotoshopwp\/wp-content\/uploads\/2020\/05\/DSC_8931.jpg\" title='DSC_8931' alt='' srcset=\"https:\/\/tomil.de\/fotoshopwp\/wp-content\/uploads\/2020\/05\/DSC_8931.jpg 2048w, https:\/\/tomil.de\/fotoshopwp\/wp-content\/uploads\/2020\/05\/DSC_8931-600x399.jpg 600w, https:\/\/tomil.de\/fotoshopwp\/wp-content\/uploads\/2020\/05\/DSC_8931-300x200.jpg 300w, https:\/\/tomil.de\/fotoshopwp\/wp-content\/uploads\/2020\/05\/DSC_8931-1030x685.jpg 1030w, https:\/\/tomil.de\/fotoshopwp\/wp-content\/uploads\/2020\/05\/DSC_8931-1500x998.jpg 1500w, https:\/\/tomil.de\/fotoshopwp\/wp-content\/uploads\/2020\/05\/DSC_8931-705x469.jpg 705w\" sizes=\"(max-width: 2048px) 100vw, 2048px\" \/><\/span><\/a><div class='avia-gallery-thumb'><a href=\"https:\/\/tomil.de\/fotoshopwp\/wp-content\/uploads\/2020\/05\/DSC_8931-1030x685.jpg\" data-srcset=\"https:\/\/tomil.de\/fotoshopwp\/wp-content\/uploads\/2020\/05\/DSC_8931-1030x685.jpg 1030w, https:\/\/tomil.de\/fotoshopwp\/wp-content\/uploads\/2020\/05\/DSC_8931-600x399.jpg 600w, https:\/\/tomil.de\/fotoshopwp\/wp-content\/uploads\/2020\/05\/DSC_8931-300x200.jpg 300w, https:\/\/tomil.de\/fotoshopwp\/wp-content\/uploads\/2020\/05\/DSC_8931-1500x998.jpg 1500w, https:\/\/tomil.de\/fotoshopwp\/wp-content\/uploads\/2020\/05\/DSC_8931-705x469.jpg 705w, https:\/\/tomil.de\/fotoshopwp\/wp-content\/uploads\/2020\/05\/DSC_8931.jpg 2048w\" data-sizes=\"(max-width: 1030px) 100vw, 1030px\" data-rel='gallery-1' data-prev-img='https:\/\/tomil.de\/fotoshopwp\/wp-content\/uploads\/2020\/05\/DSC_8931.jpg' class='first_thumb lightbox ' data-onclick='1' title='DSC_8931'  itemprop=\"thumbnailUrl\"  ><img decoding=\"async\" class=\"wp-image-1155 avia-img-lazy-loading-not-1155\"   src=\"https:\/\/tomil.de\/fotoshopwp\/wp-content\/uploads\/2020\/05\/DSC_8931-495x400.jpg\" width=\"495\" height=\"400\"  title='DSC_8931' alt='' srcset=\"https:\/\/tomil.de\/fotoshopwp\/wp-content\/uploads\/2020\/05\/DSC_8931-495x400.jpg 495w, https:\/\/tomil.de\/fotoshopwp\/wp-content\/uploads\/2020\/05\/DSC_8931-845x684.jpg 845w\" sizes=\"(max-width: 495px) 100vw, 495px\" \/><div class='big-prev-fake'><img loading=\"lazy\" decoding=\"async\" class=\"wp-image-1155 avia-img-lazy-loading-1155\"  width=\"2048\" height=\"1363\" src=\"https:\/\/tomil.de\/fotoshopwp\/wp-content\/uploads\/2020\/05\/DSC_8931.jpg\" title='DSC_8931' alt='' srcset=\"https:\/\/tomil.de\/fotoshopwp\/wp-content\/uploads\/2020\/05\/DSC_8931.jpg 2048w, https:\/\/tomil.de\/fotoshopwp\/wp-content\/uploads\/2020\/05\/DSC_8931-600x399.jpg 600w, https:\/\/tomil.de\/fotoshopwp\/wp-content\/uploads\/2020\/05\/DSC_8931-300x200.jpg 300w, https:\/\/tomil.de\/fotoshopwp\/wp-content\/uploads\/2020\/05\/DSC_8931-1030x685.jpg 1030w, https:\/\/tomil.de\/fotoshopwp\/wp-content\/uploads\/2020\/05\/DSC_8931-1500x998.jpg 1500w, https:\/\/tomil.de\/fotoshopwp\/wp-content\/uploads\/2020\/05\/DSC_8931-705x469.jpg 705w\" sizes=\"(max-width: 2048px) 100vw, 2048px\" \/><\/div><\/a><a href=\"https:\/\/tomil.de\/fotoshopwp\/wp-content\/uploads\/2020\/05\/DSC_8930-1030x685.jpg\" data-srcset=\"https:\/\/tomil.de\/fotoshopwp\/wp-content\/uploads\/2020\/05\/DSC_8930-1030x685.jpg 1030w, https:\/\/tomil.de\/fotoshopwp\/wp-content\/uploads\/2020\/05\/DSC_8930-600x399.jpg 600w, https:\/\/tomil.de\/fotoshopwp\/wp-content\/uploads\/2020\/05\/DSC_8930-300x200.jpg 300w, https:\/\/tomil.de\/fotoshopwp\/wp-content\/uploads\/2020\/05\/DSC_8930-1500x998.jpg 1500w, https:\/\/tomil.de\/fotoshopwp\/wp-content\/uploads\/2020\/05\/DSC_8930-705x469.jpg 705w, https:\/\/tomil.de\/fotoshopwp\/wp-content\/uploads\/2020\/05\/DSC_8930.jpg 2048w\" data-sizes=\"(max-width: 1030px) 100vw, 1030px\" data-rel='gallery-1' data-prev-img='https:\/\/tomil.de\/fotoshopwp\/wp-content\/uploads\/2020\/05\/DSC_8930.jpg' class='lightbox ' data-onclick='2' title='DSC_8930'  itemprop=\"thumbnailUrl\"  ><img decoding=\"async\" class=\"wp-image-1154 avia-img-lazy-loading-not-1154\"   src=\"https:\/\/tomil.de\/fotoshopwp\/wp-content\/uploads\/2020\/05\/DSC_8930-495x400.jpg\" width=\"495\" height=\"400\"  title='DSC_8930' alt='' srcset=\"https:\/\/tomil.de\/fotoshopwp\/wp-content\/uploads\/2020\/05\/DSC_8930-495x400.jpg 495w, https:\/\/tomil.de\/fotoshopwp\/wp-content\/uploads\/2020\/05\/DSC_8930-845x684.jpg 845w\" sizes=\"(max-width: 495px) 100vw, 495px\" \/><div class='big-prev-fake'><img loading=\"lazy\" decoding=\"async\" class=\"wp-image-1154 avia-img-lazy-loading-1154\"  width=\"2048\" height=\"1363\" src=\"https:\/\/tomil.de\/fotoshopwp\/wp-content\/uploads\/2020\/05\/DSC_8930.jpg\" title='DSC_8930' alt='' srcset=\"https:\/\/tomil.de\/fotoshopwp\/wp-content\/uploads\/2020\/05\/DSC_8930.jpg 2048w, https:\/\/tomil.de\/fotoshopwp\/wp-content\/uploads\/2020\/05\/DSC_8930-600x399.jpg 600w, https:\/\/tomil.de\/fotoshopwp\/wp-content\/uploads\/2020\/05\/DSC_8930-300x200.jpg 300w, https:\/\/tomil.de\/fotoshopwp\/wp-content\/uploads\/2020\/05\/DSC_8930-1030x685.jpg 1030w, https:\/\/tomil.de\/fotoshopwp\/wp-content\/uploads\/2020\/05\/DSC_8930-1500x998.jpg 1500w, https:\/\/tomil.de\/fotoshopwp\/wp-content\/uploads\/2020\/05\/DSC_8930-705x469.jpg 705w\" sizes=\"(max-width: 2048px) 100vw, 2048px\" \/><\/div><\/a><a href=\"https:\/\/tomil.de\/fotoshopwp\/wp-content\/uploads\/2020\/05\/DSC_8932-1-1030x685.jpg\" data-srcset=\"https:\/\/tomil.de\/fotoshopwp\/wp-content\/uploads\/2020\/05\/DSC_8932-1-1030x685.jpg 1030w, https:\/\/tomil.de\/fotoshopwp\/wp-content\/uploads\/2020\/05\/DSC_8932-1-600x399.jpg 600w, https:\/\/tomil.de\/fotoshopwp\/wp-content\/uploads\/2020\/05\/DSC_8932-1-300x200.jpg 300w, https:\/\/tomil.de\/fotoshopwp\/wp-content\/uploads\/2020\/05\/DSC_8932-1-1500x998.jpg 1500w, https:\/\/tomil.de\/fotoshopwp\/wp-content\/uploads\/2020\/05\/DSC_8932-1-705x469.jpg 705w, https:\/\/tomil.de\/fotoshopwp\/wp-content\/uploads\/2020\/05\/DSC_8932-1.jpg 2048w\" data-sizes=\"(max-width: 1030px) 100vw, 1030px\" data-rel='gallery-1' data-prev-img='https:\/\/tomil.de\/fotoshopwp\/wp-content\/uploads\/2020\/05\/DSC_8932-1.jpg' class='lightbox ' data-onclick='3' title='DSC_8932'  itemprop=\"thumbnailUrl\"  ><img decoding=\"async\" class=\"wp-image-1156 avia-img-lazy-loading-not-1156\"   src=\"https:\/\/tomil.de\/fotoshopwp\/wp-content\/uploads\/2020\/05\/DSC_8932-1-495x400.jpg\" width=\"495\" height=\"400\"  title='DSC_8932' alt='' srcset=\"https:\/\/tomil.de\/fotoshopwp\/wp-content\/uploads\/2020\/05\/DSC_8932-1-495x400.jpg 495w, https:\/\/tomil.de\/fotoshopwp\/wp-content\/uploads\/2020\/05\/DSC_8932-1-845x684.jpg 845w\" sizes=\"(max-width: 495px) 100vw, 495px\" \/><div class='big-prev-fake'><img loading=\"lazy\" decoding=\"async\" class=\"wp-image-1156 avia-img-lazy-loading-1156\"  width=\"2048\" height=\"1363\" src=\"https:\/\/tomil.de\/fotoshopwp\/wp-content\/uploads\/2020\/05\/DSC_8932-1.jpg\" title='DSC_8932' alt='' srcset=\"https:\/\/tomil.de\/fotoshopwp\/wp-content\/uploads\/2020\/05\/DSC_8932-1.jpg 2048w, https:\/\/tomil.de\/fotoshopwp\/wp-content\/uploads\/2020\/05\/DSC_8932-1-600x399.jpg 600w, https:\/\/tomil.de\/fotoshopwp\/wp-content\/uploads\/2020\/05\/DSC_8932-1-300x200.jpg 300w, https:\/\/tomil.de\/fotoshopwp\/wp-content\/uploads\/2020\/05\/DSC_8932-1-1030x685.jpg 1030w, https:\/\/tomil.de\/fotoshopwp\/wp-content\/uploads\/2020\/05\/DSC_8932-1-1500x998.jpg 1500w, https:\/\/tomil.de\/fotoshopwp\/wp-content\/uploads\/2020\/05\/DSC_8932-1-705x469.jpg 705w\" sizes=\"(max-width: 2048px) 100vw, 2048px\" \/><\/div><\/a><a href=\"https:\/\/tomil.de\/fotoshopwp\/wp-content\/uploads\/2020\/05\/DSC_8936-685x1030.jpg\" data-srcset=\"https:\/\/tomil.de\/fotoshopwp\/wp-content\/uploads\/2020\/05\/DSC_8936-685x1030.jpg 685w, https:\/\/tomil.de\/fotoshopwp\/wp-content\/uploads\/2020\/05\/DSC_8936-600x902.jpg 600w, https:\/\/tomil.de\/fotoshopwp\/wp-content\/uploads\/2020\/05\/DSC_8936-200x300.jpg 200w, https:\/\/tomil.de\/fotoshopwp\/wp-content\/uploads\/2020\/05\/DSC_8936-998x1500.jpg 998w, https:\/\/tomil.de\/fotoshopwp\/wp-content\/uploads\/2020\/05\/DSC_8936-469x705.jpg 469w, https:\/\/tomil.de\/fotoshopwp\/wp-content\/uploads\/2020\/05\/DSC_8936.jpg 1363w\" data-sizes=\"(max-width: 685px) 100vw, 685px\" data-rel='gallery-1' data-prev-img='https:\/\/tomil.de\/fotoshopwp\/wp-content\/uploads\/2020\/05\/DSC_8936.jpg' class='lightbox ' data-onclick='4' title='DSC_8936'  itemprop=\"thumbnailUrl\"  ><img decoding=\"async\" class=\"wp-image-1157 avia-img-lazy-loading-not-1157\"   src=\"https:\/\/tomil.de\/fotoshopwp\/wp-content\/uploads\/2020\/05\/DSC_8936-495x400.jpg\" width=\"495\" height=\"400\"  title='DSC_8936' alt='' srcset=\"https:\/\/tomil.de\/fotoshopwp\/wp-content\/uploads\/2020\/05\/DSC_8936-495x400.jpg 495w, https:\/\/tomil.de\/fotoshopwp\/wp-content\/uploads\/2020\/05\/DSC_8936-845x684.jpg 845w\" sizes=\"(max-width: 495px) 100vw, 495px\" \/><div class='big-prev-fake'><img loading=\"lazy\" decoding=\"async\" class=\"wp-image-1157 avia-img-lazy-loading-1157\"  width=\"1363\" height=\"2048\" src=\"https:\/\/tomil.de\/fotoshopwp\/wp-content\/uploads\/2020\/05\/DSC_8936.jpg\" title='DSC_8936' alt='' srcset=\"https:\/\/tomil.de\/fotoshopwp\/wp-content\/uploads\/2020\/05\/DSC_8936.jpg 1363w, https:\/\/tomil.de\/fotoshopwp\/wp-content\/uploads\/2020\/05\/DSC_8936-600x902.jpg 600w, https:\/\/tomil.de\/fotoshopwp\/wp-content\/uploads\/2020\/05\/DSC_8936-200x300.jpg 200w, https:\/\/tomil.de\/fotoshopwp\/wp-content\/uploads\/2020\/05\/DSC_8936-685x1030.jpg 685w, https:\/\/tomil.de\/fotoshopwp\/wp-content\/uploads\/2020\/05\/DSC_8936-998x1500.jpg 998w, https:\/\/tomil.de\/fotoshopwp\/wp-content\/uploads\/2020\/05\/DSC_8936-469x705.jpg 469w\" sizes=\"(max-width: 1363px) 100vw, 1363px\" \/><\/div><\/a><a href=\"https:\/\/tomil.de\/fotoshopwp\/wp-content\/uploads\/2020\/05\/DSC_8958-Panorama-2-1030x303.jpg\" data-srcset=\"https:\/\/tomil.de\/fotoshopwp\/wp-content\/uploads\/2020\/05\/DSC_8958-Panorama-2-1030x303.jpg 1030w, https:\/\/tomil.de\/fotoshopwp\/wp-content\/uploads\/2020\/05\/DSC_8958-Panorama-2-600x176.jpg 600w, https:\/\/tomil.de\/fotoshopwp\/wp-content\/uploads\/2020\/05\/DSC_8958-Panorama-2-300x88.jpg 300w, https:\/\/tomil.de\/fotoshopwp\/wp-content\/uploads\/2020\/05\/DSC_8958-Panorama-2-1500x441.jpg 1500w, https:\/\/tomil.de\/fotoshopwp\/wp-content\/uploads\/2020\/05\/DSC_8958-Panorama-2-705x207.jpg 705w, https:\/\/tomil.de\/fotoshopwp\/wp-content\/uploads\/2020\/05\/DSC_8958-Panorama-2.jpg 2048w\" data-sizes=\"(max-width: 1030px) 100vw, 1030px\" data-rel='gallery-1' data-prev-img='https:\/\/tomil.de\/fotoshopwp\/wp-content\/uploads\/2020\/05\/DSC_8958-Panorama-2.jpg' class='first_thumb lightbox ' data-onclick='5' title='DSC_8958 Panorama-2'  itemprop=\"thumbnailUrl\"  ><img decoding=\"async\" class=\"wp-image-1158 avia-img-lazy-loading-not-1158\"   src=\"https:\/\/tomil.de\/fotoshopwp\/wp-content\/uploads\/2020\/05\/DSC_8958-Panorama-2-495x400.jpg\" width=\"495\" height=\"400\"  title='DSC_8958 Panorama-2' alt='' \/><div class='big-prev-fake'><img loading=\"lazy\" decoding=\"async\" class=\"wp-image-1158 avia-img-lazy-loading-1158\"  width=\"2048\" height=\"602\" src=\"https:\/\/tomil.de\/fotoshopwp\/wp-content\/uploads\/2020\/05\/DSC_8958-Panorama-2.jpg\" title='DSC_8958 Panorama-2' alt='' srcset=\"https:\/\/tomil.de\/fotoshopwp\/wp-content\/uploads\/2020\/05\/DSC_8958-Panorama-2.jpg 2048w, https:\/\/tomil.de\/fotoshopwp\/wp-content\/uploads\/2020\/05\/DSC_8958-Panorama-2-600x176.jpg 600w, https:\/\/tomil.de\/fotoshopwp\/wp-content\/uploads\/2020\/05\/DSC_8958-Panorama-2-300x88.jpg 300w, https:\/\/tomil.de\/fotoshopwp\/wp-content\/uploads\/2020\/05\/DSC_8958-Panorama-2-1030x303.jpg 1030w, https:\/\/tomil.de\/fotoshopwp\/wp-content\/uploads\/2020\/05\/DSC_8958-Panorama-2-1500x441.jpg 1500w, https:\/\/tomil.de\/fotoshopwp\/wp-content\/uploads\/2020\/05\/DSC_8958-Panorama-2-705x207.jpg 705w\" sizes=\"(max-width: 2048px) 100vw, 2048px\" \/><\/div><\/a><\/div><\/div><\/div>\n<style type=\"text\/css\" data-created_by=\"avia_inline_auto\" id=\"style-css-av-ctgodt-933284495c1e52d1206c38106f69f719\">\n.flex_column.av-ctgodt-933284495c1e52d1206c38106f69f719{\n-webkit-border-radius:0px 0px 0px 0px;\n-moz-border-radius:0px 0px 0px 0px;\nborder-radius:0px 0px 0px 0px;\n}\n<\/style>\n<div class='flex_column av-ctgodt-933284495c1e52d1206c38106f69f719 av_one_third  avia-builder-el-2  el_after_av_two_third  el_before_av_hr  flex_column_div av-zero-column-padding '     ><section  class='av_textblock_section av-kai5itby-9955d64bd9dc34206c6413d985c56e60'  itemscope=\"itemscope\" itemtype=\"https:\/\/schema.org\/BlogPosting\" itemprop=\"blogPost\" ><div class='avia_textblock'  itemprop=\"text\" ><h3>Sonderausstellung der Zentralen Kustodie<\/h3>\n<h3>vom 25. Oktober 2019 bis 27. Januar 2020<\/h3>\n<p><i><strong>\u201eHalle und seine Universit\u00e4t\u201c Eine Zeitreise der besonderen Art<\/strong> <\/i><\/p>\n<p><i>von Torsten Milarg<br \/>\n<\/i><\/p>\n<p>In der Sonderausstellung werden Fotokompositionen des K\u00fcnstlers Torsten Milarg pr\u00e4sentiert, die eine Zeitreise der ganz besonderen Art erlauben.<\/p>\n<p><i>Vernissage:<\/i> 24. Oktober 2019, 18 Uhr, Aula, Universit\u00e4tshauptgeb\u00e4ude, Universit\u00e4tsplatz 11, 06108 Halle<\/p>\n<p><i>\u00d6ffnungszeiten:<\/i> Di. -Fr. 11 &#8211; 13 Uhr, 14 &#8211; 18 Uhr, So. 14 &#8211; 18 Uhr, am 24. und den Weihnachstfeiertage sowie am 31.12. geschlossen<\/p>\n<p><i>Ausstellungsrundgang mit dem K\u00fcnstler:<\/i> 03.11.2019 und 01.12.2019, 26.01.2020, jeweils 15 Uhr<\/p>\n<\/div><\/section><br \/>\n<div  class='togglecontainer av-kai5l68j-c55f6298f5088bb52d1c7c15e56228a9  avia-builder-el-4  el_after_av_textblock  el_before_av_hr ' >\n<section class='av_toggle_section av-30923b-9f9ca0ff13b05a767c84e3221f0ffa3a'  itemscope=\"itemscope\" itemtype=\"https:\/\/schema.org\/BlogPosting\" itemprop=\"blogPost\" ><div role=\"tablist\" class=\"single_toggle\" data-tags=\"{Alle} \"  ><p data-fake-id='#toggle-id-1' class='toggler  activeTitle '  itemprop=\"headline\"  role='tab' tabindex='0' aria-controls='toggle-id-1'>Ausstellungsort<span class=\"toggle_icon\"><span class=\"vert_icon\"><\/span><span class=\"hor_icon\"><\/span><\/span><\/p><div id='toggle-id-1' class='toggle_wrap  active_tc' style='display:block;' ><div class='toggle_content invers-color '  itemprop=\"text\" ><h4>Zentrale Kustodie der Martin-Luther-Universit\u00e4t Halle-Wittenberg<\/h4>\n<p><a href=\"https:\/\/www.kustodie.uni-halle.de\/\">kustodie.uni-halle.de<\/a><\/p>\n<\/div><\/div><\/div><\/section>\n<\/div><br \/>\n<div  class='hr av-99iu75-7e97dcb6508c30ee8ac66035d683c7f0 hr-default  avia-builder-el-5  el_after_av_toggle_container  avia-builder-el-last '><span class='hr-inner '><span class=\"hr-inner-style\"><\/span><\/span><\/div><\/p><\/div><\/p>\n<div  class='hr av-rsr29-79990b925a212217e6f2dfc7f1ff97ee hr-default  avia-builder-el-6  el_after_av_one_third  el_before_av_textblock '><span class='hr-inner '><span class=\"hr-inner-style\"><\/span><\/span><\/div>\n<section  class='av_textblock_section av-kaia35w5-2f5a60c7ebadefbe5c68c52aa73848c5'  itemscope=\"itemscope\" itemtype=\"https:\/\/schema.org\/BlogPosting\" itemprop=\"blogPost\" ><div class='avia_textblock'  itemprop=\"text\" ><h3>Die Motive im Detail<\/h3>\n<\/div><\/section>\n<div  class='hr av-5c6bgx-140c26123aea20827b30804617e02203 hr-default  avia-builder-el-8  el_after_av_textblock  el_before_av_one_full '><span class='hr-inner '><span class=\"hr-inner-style\"><\/span><\/span><\/div>\n\n<style type=\"text\/css\" data-created_by=\"avia_inline_auto\" id=\"style-css-av-4hp50h-d449cdb85145bb46582ee3febeeca51c\">\n.flex_column.av-4hp50h-d449cdb85145bb46582ee3febeeca51c{\n-webkit-border-radius:0px 0px 0px 0px;\n-moz-border-radius:0px 0px 0px 0px;\nborder-radius:0px 0px 0px 0px;\n}\n<\/style>\n<div class='flex_column av-4hp50h-d449cdb85145bb46582ee3febeeca51c av_one_full  avia-builder-el-9  el_after_av_hr  el_before_av_hr  first flex_column_div av-zero-column-padding '     ><div id='schad' class='av-masonry av-kai9ukjh-9ac2ac798793f0ab47a06ea365b1e664 noHover av-fixed-size av-large-gap av-hover-overlay-grayscale av-masonry-animation-active av-masonry-col-flexible av-caption-always av-caption-style- av-masonry-entries '><div class=\"av-masonry-container isotope av-js-disabled\"><div class='av-masonry-entry isotope-item av-masonry-item-no-image all_sort ausstellung-2019_sort  halle-a-d-saale_sort  uni_sort  ausstellung-2021_sort  marktschloesschen_sort  stadtarchiv_sort '><\/div><a href=\"https:\/\/tomil.de\/fotoshopwp\/stadtmauer\/\"  id='av-masonry-1-item-797' data-av-masonry-item='797' class='av-masonry-entry isotope-item post-797 post type-post status-publish format-standard has-post-thumbnail hentry category-ausstellung-2019 category-halle-a-d-saale category-uni tag-ar tag-riehm all_sort ausstellung-2019_sort  halle-a-d-saale_sort  uni_sort  av-masonry-item-with-image av-grid-img' title=\"Stadtmauer &#8211; Waisenhausring 10 \u2013 12\"   itemscope=\"itemscope\" itemtype=\"https:\/\/schema.org\/BlogPosting\" itemprop=\"blogPost\" ><div class='av-inner-masonry-sizer'><\/div><figure class='av-inner-masonry main_color'><div class=\"av-masonry-outerimage-container\"><div class='av-masonry-image-container' style=\"background-image: url(https:\/\/tomil.de\/fotoshopwp\/wp-content\/uploads\/2019\/10\/riehm-049-Bearbeitet-705x527.jpg);\"  title=\"Stadtmauer &#8211; Waisenhausring 10 \u2013 12\"  ><\/div><\/div><\/figure><\/a><!--end av-masonry entry--><a href=\"https:\/\/tomil.de\/fotoshopwp\/nord-und-westfluegel-der-moritzburg\/\"  id='av-masonry-1-item-812' data-av-masonry-item='812' class='av-masonry-entry isotope-item post-812 post type-post status-publish format-standard has-post-thumbnail hentry category-ausstellung-2019 category-halle-a-d-saale category-uni tag-riehm all_sort ausstellung-2019_sort  halle-a-d-saale_sort  uni_sort  av-masonry-item-with-image av-grid-img' title=\"Nord- und Westfl\u00fcgel der Moritzburg &#8211; Friedemann-Bach-Platz 5\"   itemscope=\"itemscope\" itemtype=\"https:\/\/schema.org\/BlogPosting\" itemprop=\"blogPost\" ><div class='av-inner-masonry-sizer'><\/div><figure class='av-inner-masonry main_color'><div class=\"av-masonry-outerimage-container\"><div class='av-masonry-image-container' style=\"background-image: url(https:\/\/tomil.de\/fotoshopwp\/wp-content\/uploads\/2019\/10\/riehm-246-Bearbeitet-705x520.jpg);\"  title=\"Nord- und Westfl\u00fcgel der Moritzburg &#8211; Friedemann-Bach-Platz 5\"  ><\/div><\/div><\/figure><\/a><!--end av-masonry entry--><a href=\"https:\/\/tomil.de\/fotoshopwp\/germanistisches-institut\/\"  id='av-masonry-1-item-790' data-av-masonry-item='790' class='av-masonry-entry isotope-item post-790 post type-post status-publish format-standard has-post-thumbnail hentry category-ausstellung-2019 category-halle-a-d-saale category-uni all_sort ausstellung-2019_sort  halle-a-d-saale_sort  uni_sort  av-masonry-item-with-image av-grid-img' title=\"Germanistisches Institut &#8211; Ludwig-Wucherer-Stra\u00dfe 2\"   itemscope=\"itemscope\" itemtype=\"https:\/\/schema.org\/BlogPosting\" itemprop=\"blogPost\" ><div class='av-inner-masonry-sizer'><\/div><figure class='av-inner-masonry main_color'><div class=\"av-masonry-outerimage-container\"><div class='av-masonry-image-container' style=\"background-image: url(https:\/\/tomil.de\/fotoshopwp\/wp-content\/uploads\/2019\/10\/Platte_0169-Bearbeitet-705x501.jpg);\"  title=\"Germanistisches Institut &#8211; Ludwig-Wucherer-Stra\u00dfe 2\"  ><\/div><\/div><\/figure><\/a><!--end av-masonry entry--><a href=\"https:\/\/tomil.de\/fotoshopwp\/waisenhausbuchhandlung\/\"  id='av-masonry-1-item-821' data-av-masonry-item='821' class='av-masonry-entry isotope-item post-821 post type-post status-publish format-standard has-post-thumbnail hentry category-ausstellung-2019 category-halle-a-d-saale category-uni tag-riehm all_sort ausstellung-2019_sort  halle-a-d-saale_sort  uni_sort  av-masonry-item-with-image av-grid-img' title=\"Waisenhausbuchhandlung &#8211; Franckeplatz 5\"   itemscope=\"itemscope\" itemtype=\"https:\/\/schema.org\/BlogPosting\" itemprop=\"blogPost\" ><div class='av-inner-masonry-sizer'><\/div><figure class='av-inner-masonry main_color'><div class=\"av-masonry-outerimage-container\"><div class='av-masonry-image-container' style=\"background-image: url(https:\/\/tomil.de\/fotoshopwp\/wp-content\/uploads\/2019\/10\/Riehm-437-Bearbeitet-705x517.jpg);\"  title=\"Waisenhausbuchhandlung &#8211; Franckeplatz 5\"  ><\/div><\/div><\/figure><\/a><!--end av-masonry entry--><a href=\"https:\/\/tomil.de\/fotoshopwp\/marktschloesschen\/\"  id='av-masonry-1-item-649' data-av-masonry-item='649' class='av-masonry-entry isotope-item post-649 post type-post status-publish format-standard has-post-thumbnail hentry category-ausstellung-2019 category-ausstellung-2021 category-halle-a-d-saale category-marktschloesschen category-stadtarchiv category-uni tag-ar tag-marktschloesschen tag-moell-27 tag-moeller all_sort ausstellung-2019_sort  ausstellung-2021_sort  halle-a-d-saale_sort  marktschloesschen_sort  stadtarchiv_sort  uni_sort  av-masonry-item-with-image av-grid-img' title=\"Marktschl\u00f6\u00dfchen &#8211; Marktplatz 13\"   itemscope=\"itemscope\" itemtype=\"https:\/\/schema.org\/BlogPosting\" itemprop=\"blogPost\" ><div class='av-inner-masonry-sizer'><\/div><figure class='av-inner-masonry main_color'><div class=\"av-masonry-outerimage-container\"><div class='av-masonry-image-container' style=\"background-image: url(https:\/\/tomil.de\/fotoshopwp\/wp-content\/uploads\/2019\/10\/M\u00f6ll-27-bearbeitet-705x488.jpg);\"  title=\"Marktschl\u00f6\u00dfchen &#8211; Marktplatz 13\"  ><\/div><\/div><\/figure><\/a><!--end av-masonry entry--><a href=\"https:\/\/tomil.de\/fotoshopwp\/universitaets-und-landesbibliothek-sachsen-anhalt\/\"  id='av-masonry-1-item-707' data-av-masonry-item='707' class='av-masonry-entry isotope-item post-707 post type-post status-publish format-standard has-post-thumbnail hentry category-ausstellung-2019 category-halle-a-d-saale category-uni tag-moeller all_sort ausstellung-2019_sort  halle-a-d-saale_sort  uni_sort  av-masonry-item-with-image av-grid-img' title=\"Universit\u00e4ts- und Landesbibliothek Sachsen-Anhalt &#8211; Verwaltungsgeb\u00e4ude, August-Bebel-Stra\u00dfe 13\"   itemscope=\"itemscope\" itemtype=\"https:\/\/schema.org\/BlogPosting\" itemprop=\"blogPost\" ><div class='av-inner-masonry-sizer'><\/div><figure class='av-inner-masonry main_color'><div class=\"av-masonry-outerimage-container\"><div class='av-masonry-image-container' style=\"background-image: url(https:\/\/tomil.de\/fotoshopwp\/wp-content\/uploads\/2019\/10\/M\u00f6ll-147-Bearbeitet-705x481.jpg);\"  title=\"Universit\u00e4ts- und Landesbibliothek Sachsen-Anhalt &#8211; Verwaltungsgeb\u00e4ude, August-Bebel-Stra\u00dfe 13\"  ><\/div><\/div><\/figure><\/a><!--end av-masonry entry--><a href=\"https:\/\/tomil.de\/fotoshopwp\/oper-halle\/\"  id='av-masonry-1-item-787' data-av-masonry-item='787' class='av-masonry-entry isotope-item post-787 post type-post status-publish format-standard has-post-thumbnail hentry category-ausstellung-2019 category-ausstellung-2021 category-halle-a-d-saale category-stadtarchiv category-uni tag-ar tag-moeller all_sort ausstellung-2019_sort  ausstellung-2021_sort  halle-a-d-saale_sort  stadtarchiv_sort  uni_sort  av-masonry-item-with-image av-grid-img' title=\"Oper Halle &#8211; Universit\u00e4tsring 24\"   itemscope=\"itemscope\" itemtype=\"https:\/\/schema.org\/BlogPosting\" itemprop=\"blogPost\" ><div class='av-inner-masonry-sizer'><\/div><figure class='av-inner-masonry main_color'><div class=\"av-masonry-outerimage-container\"><div class='av-masonry-image-container' style=\"background-image: url(https:\/\/tomil.de\/fotoshopwp\/wp-content\/uploads\/2019\/10\/M\u00f6ller022-705x518.jpg);\"  title=\"Oper Halle &#8211; Universit\u00e4tsring 24\"  ><\/div><\/div><\/figure><\/a><!--end av-masonry entry--><a href=\"https:\/\/tomil.de\/fotoshopwp\/giebichensteinbruecke\/\"  id='av-masonry-1-item-784' data-av-masonry-item='784' class='av-masonry-entry isotope-item post-784 post type-post status-publish format-standard has-post-thumbnail hentry category-ausstellung-2019 category-ausstellung-2021 category-halle-a-d-saale category-stadtarchiv category-uni tag-ar tag-landscape tag-moeller all_sort ausstellung-2019_sort  ausstellung-2021_sort  halle-a-d-saale_sort  stadtarchiv_sort  uni_sort  av-masonry-item-with-image av-landscape-img' title=\"Giebichensteinbr\u00fccke &#8211; Kr\u00f6llwitzer Stra\u00dfe\"   itemscope=\"itemscope\" itemtype=\"https:\/\/schema.org\/BlogPosting\" itemprop=\"blogPost\" ><div class='av-inner-masonry-sizer'><\/div><figure class='av-inner-masonry main_color'><div class=\"av-masonry-outerimage-container\"><div class='av-masonry-image-container' style=\"background-image: url(https:\/\/tomil.de\/fotoshopwp\/wp-content\/uploads\/2019\/10\/M\u00f6ll-504-Bearbeitet1-705x494.jpg);\"  title=\"Giebichensteinbr\u00fccke &#8211; Kr\u00f6llwitzer Stra\u00dfe\"  ><\/div><\/div><\/figure><\/a><!--end av-masonry entry--><a href=\"https:\/\/tomil.de\/fotoshopwp\/institutsgebaeude-der-philosophischen-fakultaet-ii\/\"  id='av-masonry-1-item-745' data-av-masonry-item='745' class='av-masonry-entry isotope-item post-745 post type-post status-publish format-standard has-post-thumbnail hentry category-ausstellung-2019 category-halle-a-d-saale category-uni tag-moeller all_sort ausstellung-2019_sort  halle-a-d-saale_sort  uni_sort  av-masonry-item-with-image av-grid-img' title=\"Institutsgeb\u00e4ude der Philosophischen Fakult\u00e4t II &#8211; Emil-Abderhalden-Stra\u00dfe 26 \u201327\"   itemscope=\"itemscope\" itemtype=\"https:\/\/schema.org\/BlogPosting\" itemprop=\"blogPost\" ><div class='av-inner-masonry-sizer'><\/div><figure class='av-inner-masonry main_color'><div class=\"av-masonry-outerimage-container\"><div class='av-masonry-image-container' style=\"background-image: url(https:\/\/tomil.de\/fotoshopwp\/wp-content\/uploads\/2019\/10\/M\u00f6ll-150-Bearbeitet-705x476.jpg);\"  title=\"Institutsgeb\u00e4ude der Philosophischen Fakult\u00e4t II &#8211; Emil-Abderhalden-Stra\u00dfe 26 \u201327\"  ><\/div><\/div><\/figure><\/a><!--end av-masonry entry--><a href=\"https:\/\/tomil.de\/fotoshopwp\/domplatz-neue-kanzlei\/\"  id='av-masonry-1-item-816' data-av-masonry-item='816' class='av-masonry-entry isotope-item post-816 post type-post status-publish format-standard has-post-thumbnail hentry category-ausstellung-2019 category-halle-a-d-saale category-uni tag-riehm all_sort ausstellung-2019_sort  halle-a-d-saale_sort  uni_sort  av-masonry-item-with-image av-grid-img' title=\"Neue Kanzlei &#8211; Domplatz 1\"   itemscope=\"itemscope\" itemtype=\"https:\/\/schema.org\/BlogPosting\" itemprop=\"blogPost\" ><div class='av-inner-masonry-sizer'><\/div><figure class='av-inner-masonry main_color'><div class=\"av-masonry-outerimage-container\"><div class='av-masonry-image-container' style=\"background-image: url(https:\/\/tomil.de\/fotoshopwp\/wp-content\/uploads\/2019\/10\/Riehm-335-Bearbeitet-705x523.jpg);\"  title=\"Neue Kanzlei &#8211; Domplatz 1\"  ><\/div><\/div><\/figure><\/a><!--end av-masonry entry--><a href=\"https:\/\/tomil.de\/fotoshopwp\/treppenhaus-loewengebaeude\/\"  id='av-masonry-1-item-755' data-av-masonry-item='755' class='av-masonry-entry isotope-item post-755 post type-post status-publish format-standard has-post-thumbnail hentry category-ausstellung-2019 category-halle-a-d-saale category-uni tag-ar tag-moeller tag-portrait all_sort ausstellung-2019_sort  halle-a-d-saale_sort  uni_sort  av-masonry-item-with-image av-portrait-img' title=\"Treppenhaus L\u00f6wengeb\u00e4ude &#8211; Universit\u00e4tsplatz 11\"   itemscope=\"itemscope\" itemtype=\"https:\/\/schema.org\/BlogPosting\" itemprop=\"blogPost\" ><div class='av-inner-masonry-sizer'><\/div><figure class='av-inner-masonry main_color'><div class=\"av-masonry-outerimage-container\"><div class='av-masonry-image-container' style=\"background-image: url(https:\/\/tomil.de\/fotoshopwp\/wp-content\/uploads\/2019\/10\/M\u00f6ll-214-Bearbeitet-499x705.jpg);\"  title=\"Treppenhaus L\u00f6wengeb\u00e4ude &#8211; Universit\u00e4tsplatz 11\"  ><\/div><\/div><\/figure><\/a><!--end av-masonry entry--><a href=\"https:\/\/tomil.de\/fotoshopwp\/zentralmagazin-naturwissenschaftlicher-sammlungen\/\"  id='av-masonry-1-item-772' data-av-masonry-item='772' class='av-masonry-entry isotope-item post-772 post type-post status-publish format-standard has-post-thumbnail hentry category-ausstellung-2019 category-halle-a-d-saale category-uni tag-moeller all_sort ausstellung-2019_sort  halle-a-d-saale_sort  uni_sort  av-masonry-item-with-image av-grid-img' title=\"Zentralmagazin Naturwissenschaftlicher Sammlungen &#8211; Domplatz 4\"   itemscope=\"itemscope\" itemtype=\"https:\/\/schema.org\/BlogPosting\" itemprop=\"blogPost\" ><div class='av-inner-masonry-sizer'><\/div><figure class='av-inner-masonry main_color'><div class=\"av-masonry-outerimage-container\"><div class='av-masonry-image-container' style=\"background-image: url(https:\/\/tomil.de\/fotoshopwp\/wp-content\/uploads\/2019\/10\/M\u00f6ll-237ohneRahmen-705x499.jpg);\"  title=\"Zentralmagazin Naturwissenschaftlicher Sammlungen &#8211; Domplatz 4\"  ><\/div><\/div><\/figure><\/a><!--end av-masonry entry--><a href=\"https:\/\/tomil.de\/fotoshopwp\/universitaetskliniken-magdeburger-strasse\/\"  id='av-masonry-1-item-750' data-av-masonry-item='750' class='av-masonry-entry isotope-item post-750 post type-post status-publish format-standard has-post-thumbnail hentry category-ausstellung-2019 category-halle-a-d-saale category-uni tag-moeller all_sort ausstellung-2019_sort  halle-a-d-saale_sort  uni_sort  av-masonry-item-with-image av-grid-img' title=\"Universit\u00e4tskliniken: Frauenklinik, Chirurgie, Augenklinik &#8211; Magdeburger Stra\u00dfe 24\"   itemscope=\"itemscope\" itemtype=\"https:\/\/schema.org\/BlogPosting\" itemprop=\"blogPost\" ><div class='av-inner-masonry-sizer'><\/div><figure class='av-inner-masonry main_color'><div class=\"av-masonry-outerimage-container\"><div class='av-masonry-image-container' style=\"background-image: url(https:\/\/tomil.de\/fotoshopwp\/wp-content\/uploads\/2019\/10\/M\u00f6ll-155_Neu-Bearbeitet-705x490.jpg);\"  title=\"Universit\u00e4tskliniken: Frauenklinik, Chirurgie, Augenklinik &#8211; Magdeburger Stra\u00dfe 24\"  ><\/div><\/div><\/figure><\/a><!--end av-masonry entry--><a href=\"https:\/\/tomil.de\/fotoshopwp\/leipziger-turm-mit-stadttor\/\"  id='av-masonry-1-item-777' data-av-masonry-item='777' class='av-masonry-entry isotope-item post-777 post type-post status-publish format-standard has-post-thumbnail hentry category-ausstellung-2019 category-ausstellung-2021 category-halle-a-d-saale category-stadtarchiv category-uni tag-ar tag-moeller tag-portrait all_sort ausstellung-2019_sort  ausstellung-2021_sort  halle-a-d-saale_sort  stadtarchiv_sort  uni_sort  av-masonry-item-with-image av-portrait-img' title=\"Leipziger Turm mit Stadttor &#8211; Leipziger Stra\u00dfe, Ecke Hansering\"   itemscope=\"itemscope\" itemtype=\"https:\/\/schema.org\/BlogPosting\" itemprop=\"blogPost\" ><div class='av-inner-masonry-sizer'><\/div><figure class='av-inner-masonry main_color'><div class=\"av-masonry-outerimage-container\"><div class='av-masonry-image-container' style=\"background-image: url(https:\/\/tomil.de\/fotoshopwp\/wp-content\/uploads\/2019\/10\/M\u00f6ll-291-Bearbeitet-478x705.jpg);\"  title=\"Leipziger Turm mit Stadttor &#8211; Leipziger Stra\u00dfe, Ecke Hansering\"  ><\/div><\/div><\/figure><\/a><!--end av-masonry entry--><a href=\"https:\/\/tomil.de\/fotoshopwp\/hauptgebaeude-der-franckeschen-stiftungen\/\"  id='av-masonry-1-item-781' data-av-masonry-item='781' class='av-masonry-entry isotope-item post-781 post type-post status-publish format-standard has-post-thumbnail hentry category-ausstellung-2019 category-halle-a-d-saale category-uni tag-ar tag-moeller all_sort ausstellung-2019_sort  halle-a-d-saale_sort  uni_sort  av-masonry-item-with-image av-grid-img' title=\"Hauptgeb\u00e4ude der Franckeschen Stiftungen &#8211; Franckeplatz 1\"   itemscope=\"itemscope\" itemtype=\"https:\/\/schema.org\/BlogPosting\" itemprop=\"blogPost\" ><div class='av-inner-masonry-sizer'><\/div><figure class='av-inner-masonry main_color'><div class=\"av-masonry-outerimage-container\"><div class='av-masonry-image-container' style=\"background-image: url(https:\/\/tomil.de\/fotoshopwp\/wp-content\/uploads\/2019\/10\/M\u00f6ll-467_Neu-Bearbeitet-705x499.jpg);\"  title=\"Hauptgeb\u00e4ude der Franckeschen Stiftungen &#8211; Franckeplatz 1\"  ><\/div><\/div><\/figure><\/a><!--end av-masonry entry--><a href=\"https:\/\/tomil.de\/fotoshopwp\/gasthof-zum-mohr\/\"  id='av-masonry-1-item-825' data-av-masonry-item='825' class='av-masonry-entry isotope-item post-825 post type-post status-publish format-standard has-post-thumbnail hentry category-ausstellung-2019 category-halle-a-d-saale category-uni tag-ar tag-riehm all_sort ausstellung-2019_sort  halle-a-d-saale_sort  uni_sort  av-masonry-item-with-image av-grid-img' title=\"Gasthof zum Mohr &#8211; Burgstra\u00dfe 72\"   itemscope=\"itemscope\" itemtype=\"https:\/\/schema.org\/BlogPosting\" itemprop=\"blogPost\" ><div class='av-inner-masonry-sizer'><\/div><figure class='av-inner-masonry main_color'><div class=\"av-masonry-outerimage-container\"><div class='av-masonry-image-container' style=\"background-image: url(https:\/\/tomil.de\/fotoshopwp\/wp-content\/uploads\/2019\/10\/Riehm-551-Bearbeitet-705x525.jpg);\"  title=\"Gasthof zum Mohr &#8211; Burgstra\u00dfe 72\"  ><\/div><\/div><\/figure><\/a><!--end av-masonry entry--><a href=\"https:\/\/tomil.de\/fotoshopwp\/universitaets-und-landesbibliothek-magazin-sachsen-anhalt\/\"  id='av-masonry-1-item-738' data-av-masonry-item='738' class='av-masonry-entry isotope-item post-738 post type-post status-publish format-standard has-post-thumbnail hentry category-ausstellung-2019 category-halle-a-d-saale category-uni tag-ar tag-moeller all_sort ausstellung-2019_sort  halle-a-d-saale_sort  uni_sort  av-masonry-item-with-image av-grid-img' title=\"Universit\u00e4ts- und Landesbibliothek Sachsen-Anhalt &#8211; Magazinbibliothek, August-Bebel-Stra\u00dfe 50\"   itemscope=\"itemscope\" itemtype=\"https:\/\/schema.org\/BlogPosting\" itemprop=\"blogPost\" ><div class='av-inner-masonry-sizer'><\/div><figure class='av-inner-masonry main_color'><div class=\"av-masonry-outerimage-container\"><div class='av-masonry-image-container' style=\"background-image: url(https:\/\/tomil.de\/fotoshopwp\/wp-content\/uploads\/2019\/10\/M\u00f6ll-148-Bearbeitet-705x487.jpg);\"  title=\"Universit\u00e4ts- und Landesbibliothek Sachsen-Anhalt &#8211; Magazinbibliothek, August-Bebel-Stra\u00dfe 50\"  ><\/div><\/div><\/figure><\/a><!--end av-masonry entry--><a href=\"https:\/\/tomil.de\/fotoshopwp\/stadtmuseum\/\"  id='av-masonry-1-item-803' data-av-masonry-item='803' class='av-masonry-entry isotope-item post-803 post type-post status-publish format-standard has-post-thumbnail hentry category-ausstellung-2019 category-halle-a-d-saale category-uni tag-ar tag-riehm all_sort ausstellung-2019_sort  halle-a-d-saale_sort  uni_sort  av-masonry-item-with-image av-grid-img' title=\"Stadtmuseum &#8211; Gro\u00dfe M\u00e4rkerstra\u00dfe 10\"   itemscope=\"itemscope\" itemtype=\"https:\/\/schema.org\/BlogPosting\" itemprop=\"blogPost\" ><div class='av-inner-masonry-sizer'><\/div><figure class='av-inner-masonry main_color'><div class=\"av-masonry-outerimage-container\"><div class='av-masonry-image-container' style=\"background-image: url(https:\/\/tomil.de\/fotoshopwp\/wp-content\/uploads\/2019\/10\/riehm-220-Bearbeitet-705x516.jpg);\"  title=\"Stadtmuseum &#8211; Gro\u00dfe M\u00e4rkerstra\u00dfe 10\"  ><\/div><\/div><\/figure><\/a><!--end av-masonry entry--><a href=\"https:\/\/tomil.de\/fotoshopwp\/burse-zur-tulpe\/\"  id='av-masonry-1-item-828' data-av-masonry-item='828' class='av-masonry-entry isotope-item post-828 post type-post status-publish format-standard has-post-thumbnail hentry category-ausstellung-2019 category-halle-a-d-saale category-uni tag-portrait all_sort ausstellung-2019_sort  halle-a-d-saale_sort  uni_sort  av-masonry-item-with-image av-portrait-img' title=\"Burse zur Tulpe &#8211; Universit\u00e4tsring 3\"   itemscope=\"itemscope\" itemtype=\"https:\/\/schema.org\/BlogPosting\" itemprop=\"blogPost\" ><div class='av-inner-masonry-sizer'><\/div><figure class='av-inner-masonry main_color'><div class=\"av-masonry-outerimage-container\"><div class='av-masonry-image-container' style=\"background-image: url(https:\/\/tomil.de\/fotoshopwp\/wp-content\/uploads\/2019\/10\/UAHW-Rep.-40-III-Nr.-12-Tulpe-2-Bearbeitet-2-556x705.jpg);\"  title=\"Burse zur Tulpe &#8211; Universit\u00e4tsring 3\"  ><\/div><\/div><\/figure><\/a><!--end av-masonry entry--><a href=\"https:\/\/tomil.de\/fotoshopwp\/moritzkirche\/\"  id='av-masonry-1-item-794' data-av-masonry-item='794' class='av-masonry-entry isotope-item post-794 post type-post status-publish format-standard has-post-thumbnail hentry category-ausstellung-2019 category-halle-a-d-saale category-uni tag-riehm all_sort ausstellung-2019_sort  halle-a-d-saale_sort  uni_sort  av-masonry-item-with-image av-grid-img' title=\"Moritzkirche &#8211; An der Moritzkirche 6 \u2013 8\"   itemscope=\"itemscope\" itemtype=\"https:\/\/schema.org\/BlogPosting\" itemprop=\"blogPost\" ><div class='av-inner-masonry-sizer'><\/div><figure class='av-inner-masonry main_color'><div class=\"av-masonry-outerimage-container\"><div class='av-masonry-image-container' style=\"background-image: url(https:\/\/tomil.de\/fotoshopwp\/wp-content\/uploads\/2019\/10\/riehm-019-Bearbeitet-705x521.jpg);\"  title=\"Moritzkirche &#8211; An der Moritzkirche 6 \u2013 8\"  ><\/div><\/div><\/figure><\/a><!--end av-masonry entry--><a href=\"https:\/\/tomil.de\/fotoshopwp\/universitaetsplatz-mit-loewengebaeude\/\"  id='av-masonry-1-item-831' data-av-masonry-item='831' class='av-masonry-entry isotope-item post-831 post type-post status-publish format-standard has-post-thumbnail hentry category-ausstellung-2019 category-halle-a-d-saale category-uni all_sort ausstellung-2019_sort  halle-a-d-saale_sort  uni_sort  av-masonry-item-with-image av-grid-img' title=\"Universit\u00e4tsplatz mit L\u00f6wengeb\u00e4ude &#8211; Universit\u00e4tsplatz 11\"   itemscope=\"itemscope\" itemtype=\"https:\/\/schema.org\/BlogPosting\" itemprop=\"blogPost\" ><div class='av-inner-masonry-sizer'><\/div><figure class='av-inner-masonry main_color'><div class=\"av-masonry-outerimage-container\"><div class='av-masonry-image-container' style=\"background-image: url(https:\/\/tomil.de\/fotoshopwp\/wp-content\/uploads\/2019\/10\/UAHW-Rep.40-III-Nr-9-Bearbeitet-705x488.jpg);\"  title=\"Universit\u00e4tsplatz mit L\u00f6wengeb\u00e4ude &#8211; Universit\u00e4tsplatz 11\"  ><\/div><\/div><\/figure><\/a><!--end av-masonry entry--><a href=\"https:\/\/tomil.de\/fotoshopwp\/kleinschmieden\/\"  id='av-masonry-1-item-759' data-av-masonry-item='759' class='av-masonry-entry isotope-item post-759 post type-post status-publish format-standard has-post-thumbnail hentry category-ausstellung-2019 category-halle-a-d-saale category-uni tag-moeller all_sort ausstellung-2019_sort  halle-a-d-saale_sort  uni_sort  av-masonry-item-with-image av-grid-img' title=\"Kleinschmieden &#8211; Blick in Richtung NW, Gro\u00dfe Ulrichstra\u00dfe\"   itemscope=\"itemscope\" itemtype=\"https:\/\/schema.org\/BlogPosting\" itemprop=\"blogPost\" ><div class='av-inner-masonry-sizer'><\/div><figure class='av-inner-masonry main_color'><div class=\"av-masonry-outerimage-container\"><div class='av-masonry-image-container' style=\"background-image: url(https:\/\/tomil.de\/fotoshopwp\/wp-content\/uploads\/2019\/10\/M\u00f6ll-215-Bearbeitet-705x521.jpg);\"  title=\"Kleinschmieden &#8211; Blick in Richtung NW, Gro\u00dfe Ulrichstra\u00dfe\"  ><\/div><\/div><\/figure><\/a><!--end av-masonry entry--><\/div><\/div><\/div>\n<div  class='hr av-1zj95t-1e8ee6f5fdc8a7ff07295afb516db491 hr-default  avia-builder-el-11  el_after_av_one_full  avia-builder-el-last '><span class='hr-inner '><span class=\"hr-inner-style\"><\/span><\/span><\/div>\n ","protected":false},"excerpt":{"rendered":"","protected":false},"author":1,"featured_media":0,"comment_status":"open","ping_status":"open","sticky":false,"template":"","format":"standard","meta":{"jetpack_post_was_ever_published":false,"_jetpack_newsletter_access":"","_jetpack_dont_email_post_to_subs":false,"_jetpack_newsletter_tier_id":0,"footnotes":"","jetpack_publicize_message":"","jetpack_publicize_feature_enabled":true,"jetpack_social_post_already_shared":true,"jetpack_social_options":{"image_generator_settings":{"template":"highway","enabled":false}}},"categories":[1],"tags":[],"jetpack_publicize_connections":[],"aioseo_notices":[],"jetpack_sharing_enabled":true,"jetpack_featured_media_url":"","jetpack_shortlink":"https:\/\/wp.me\/pb03Dh-ir","_links":{"self":[{"href":"https:\/\/tomil.de\/fotoshopwp\/wp-json\/wp\/v2\/posts\/1143"}],"collection":[{"href":"https:\/\/tomil.de\/fotoshopwp\/wp-json\/wp\/v2\/posts"}],"about":[{"href":"https:\/\/tomil.de\/fotoshopwp\/wp-json\/wp\/v2\/types\/post"}],"author":[{"embeddable":true,"href":"https:\/\/tomil.de\/fotoshopwp\/wp-json\/wp\/v2\/users\/1"}],"replies":[{"embeddable":true,"href":"https:\/\/tomil.de\/fotoshopwp\/wp-json\/wp\/v2\/comments?post=1143"}],"version-history":[{"count":8,"href":"https:\/\/tomil.de\/fotoshopwp\/wp-json\/wp\/v2\/posts\/1143\/revisions"}],"predecessor-version":[{"id":1211,"href":"https:\/\/tomil.de\/fotoshopwp\/wp-json\/wp\/v2\/posts\/1143\/revisions\/1211"}],"wp:attachment":[{"href":"https:\/\/tomil.de\/fotoshopwp\/wp-json\/wp\/v2\/media?parent=1143"}],"wp:term":[{"taxonomy":"category","embeddable":true,"href":"https:\/\/tomil.de\/fotoshopwp\/wp-json\/wp\/v2\/categories?post=1143"},{"taxonomy":"post_tag","embeddable":true,"href":"https:\/\/tomil.de\/fotoshopwp\/wp-json\/wp\/v2\/tags?post=1143"}],"curies":[{"name":"wp","href":"https:\/\/api.w.org\/{rel}","templated":true}]}}