{"id":1212,"date":"2020-05-27T15:36:28","date_gmt":"2020-05-27T13:36:28","guid":{"rendered":"http:\/\/tomil.de\/fotoshopwp\/?p=1212"},"modified":"2020-05-27T15:36:29","modified_gmt":"2020-05-27T13:36:29","slug":"motive-2019","status":"publish","type":"post","link":"https:\/\/tomil.de\/fotoshopwp\/motive-2019\/","title":{"rendered":"Motive 2019"},"content":{"rendered":"\n<style type=\"text\/css\" data-created_by=\"avia_inline_auto\" id=\"style-css-av-4hp50h-d449cdb85145bb46582ee3febeeca51c\">\n.flex_column.av-4hp50h-d449cdb85145bb46582ee3febeeca51c{\n-webkit-border-radius:0px 0px 0px 0px;\n-moz-border-radius:0px 0px 0px 0px;\nborder-radius:0px 0px 0px 0px;\n}\n<\/style>\n<div class='flex_column av-4hp50h-d449cdb85145bb46582ee3febeeca51c av_one_full  avia-builder-el-0  avia-builder-el-no-sibling  first flex_column_div av-zero-column-padding '     ><div id='schad' class='av-masonry av-kai9ukjh-9ac2ac798793f0ab47a06ea365b1e664 noHover av-fixed-size av-large-gap av-hover-overlay-grayscale av-masonry-animation-active av-masonry-col-flexible av-caption-always av-caption-style- av-masonry-entries '><div class=\"av-masonry-container isotope av-js-disabled\"><div class='av-masonry-entry isotope-item av-masonry-item-no-image all_sort ausstellung-2019_sort  halle-a-d-saale_sort  uni_sort  ausstellung-2021_sort  stadtarchiv_sort  marktschloesschen_sort '><\/div><a href=\"https:\/\/tomil.de\/fotoshopwp\/gasthof-zum-mohr\/\"  id='av-masonry-1-item-825' data-av-masonry-item='825' class='av-masonry-entry isotope-item post-825 post type-post status-publish format-standard has-post-thumbnail hentry category-ausstellung-2019 category-halle-a-d-saale category-uni tag-ar tag-riehm all_sort ausstellung-2019_sort  halle-a-d-saale_sort  uni_sort  av-masonry-item-with-image av-grid-img' title=\"Gasthof zum Mohr &#8211; Burgstra\u00dfe 72\"   itemscope=\"itemscope\" itemtype=\"https:\/\/schema.org\/BlogPosting\" itemprop=\"blogPost\" ><div class='av-inner-masonry-sizer'><\/div><figure class='av-inner-masonry main_color'><div class=\"av-masonry-outerimage-container\"><div class='av-masonry-image-container' style=\"background-image: url(https:\/\/tomil.de\/fotoshopwp\/wp-content\/uploads\/2019\/10\/Riehm-551-Bearbeitet-705x525.jpg);\"  title=\"Gasthof zum Mohr &#8211; Burgstra\u00dfe 72\"  ><\/div><\/div><\/figure><\/a><!--end av-masonry entry--><a href=\"https:\/\/tomil.de\/fotoshopwp\/institutsgebaeude-der-philosophischen-fakultaet-ii\/\"  id='av-masonry-1-item-745' data-av-masonry-item='745' class='av-masonry-entry isotope-item post-745 post type-post status-publish format-standard has-post-thumbnail hentry category-ausstellung-2019 category-halle-a-d-saale category-uni tag-moeller all_sort ausstellung-2019_sort  halle-a-d-saale_sort  uni_sort  av-masonry-item-with-image av-grid-img' title=\"Institutsgeb\u00e4ude der Philosophischen Fakult\u00e4t II &#8211; Emil-Abderhalden-Stra\u00dfe 26 \u201327\"   itemscope=\"itemscope\" itemtype=\"https:\/\/schema.org\/BlogPosting\" itemprop=\"blogPost\" ><div class='av-inner-masonry-sizer'><\/div><figure class='av-inner-masonry main_color'><div class=\"av-masonry-outerimage-container\"><div class='av-masonry-image-container' style=\"background-image: url(https:\/\/tomil.de\/fotoshopwp\/wp-content\/uploads\/2019\/10\/M\u00f6ll-150-Bearbeitet-705x476.jpg);\"  title=\"Institutsgeb\u00e4ude der Philosophischen Fakult\u00e4t II &#8211; Emil-Abderhalden-Stra\u00dfe 26 \u201327\"  ><\/div><\/div><\/figure><\/a><!--end av-masonry entry--><a href=\"https:\/\/tomil.de\/fotoshopwp\/kleinschmieden\/\"  id='av-masonry-1-item-759' data-av-masonry-item='759' class='av-masonry-entry isotope-item post-759 post type-post status-publish format-standard has-post-thumbnail hentry category-ausstellung-2019 category-halle-a-d-saale category-uni tag-moeller all_sort ausstellung-2019_sort  halle-a-d-saale_sort  uni_sort  av-masonry-item-with-image av-grid-img' title=\"Kleinschmieden &#8211; Blick in Richtung NW, Gro\u00dfe Ulrichstra\u00dfe\"   itemscope=\"itemscope\" itemtype=\"https:\/\/schema.org\/BlogPosting\" itemprop=\"blogPost\" ><div class='av-inner-masonry-sizer'><\/div><figure class='av-inner-masonry main_color'><div class=\"av-masonry-outerimage-container\"><div class='av-masonry-image-container' style=\"background-image: url(https:\/\/tomil.de\/fotoshopwp\/wp-content\/uploads\/2019\/10\/M\u00f6ll-215-Bearbeitet-705x521.jpg);\"  title=\"Kleinschmieden &#8211; Blick in Richtung NW, Gro\u00dfe Ulrichstra\u00dfe\"  ><\/div><\/div><\/figure><\/a><!--end av-masonry entry--><a href=\"https:\/\/tomil.de\/fotoshopwp\/leipziger-turm-mit-stadttor\/\"  id='av-masonry-1-item-777' data-av-masonry-item='777' class='av-masonry-entry isotope-item post-777 post type-post status-publish format-standard has-post-thumbnail hentry category-ausstellung-2019 category-ausstellung-2021 category-halle-a-d-saale category-stadtarchiv category-uni tag-ar tag-moeller tag-portrait all_sort ausstellung-2019_sort  ausstellung-2021_sort  halle-a-d-saale_sort  stadtarchiv_sort  uni_sort  av-masonry-item-with-image av-portrait-img' title=\"Leipziger Turm mit Stadttor &#8211; Leipziger Stra\u00dfe, Ecke Hansering\"   itemscope=\"itemscope\" itemtype=\"https:\/\/schema.org\/BlogPosting\" itemprop=\"blogPost\" ><div class='av-inner-masonry-sizer'><\/div><figure class='av-inner-masonry main_color'><div class=\"av-masonry-outerimage-container\"><div class='av-masonry-image-container' style=\"background-image: url(https:\/\/tomil.de\/fotoshopwp\/wp-content\/uploads\/2019\/10\/M\u00f6ll-291-Bearbeitet-478x705.jpg);\"  title=\"Leipziger Turm mit Stadttor &#8211; Leipziger Stra\u00dfe, Ecke Hansering\"  ><\/div><\/div><\/figure><\/a><!--end av-masonry entry--><a href=\"https:\/\/tomil.de\/fotoshopwp\/burse-zur-tulpe\/\"  id='av-masonry-1-item-828' data-av-masonry-item='828' class='av-masonry-entry isotope-item post-828 post type-post status-publish format-standard has-post-thumbnail hentry category-ausstellung-2019 category-halle-a-d-saale category-uni tag-portrait all_sort ausstellung-2019_sort  halle-a-d-saale_sort  uni_sort  av-masonry-item-with-image av-portrait-img' title=\"Burse zur Tulpe &#8211; Universit\u00e4tsring 3\"   itemscope=\"itemscope\" itemtype=\"https:\/\/schema.org\/BlogPosting\" itemprop=\"blogPost\" ><div class='av-inner-masonry-sizer'><\/div><figure class='av-inner-masonry main_color'><div class=\"av-masonry-outerimage-container\"><div class='av-masonry-image-container' style=\"background-image: url(https:\/\/tomil.de\/fotoshopwp\/wp-content\/uploads\/2019\/10\/UAHW-Rep.-40-III-Nr.-12-Tulpe-2-Bearbeitet-2-556x705.jpg);\"  title=\"Burse zur Tulpe &#8211; Universit\u00e4tsring 3\"  ><\/div><\/div><\/figure><\/a><!--end av-masonry entry--><a href=\"https:\/\/tomil.de\/fotoshopwp\/treppenhaus-loewengebaeude\/\"  id='av-masonry-1-item-755' data-av-masonry-item='755' class='av-masonry-entry isotope-item post-755 post type-post status-publish format-standard has-post-thumbnail hentry category-ausstellung-2019 category-halle-a-d-saale category-uni tag-ar tag-moeller tag-portrait all_sort ausstellung-2019_sort  halle-a-d-saale_sort  uni_sort  av-masonry-item-with-image av-portrait-img' title=\"Treppenhaus L\u00f6wengeb\u00e4ude &#8211; Universit\u00e4tsplatz 11\"   itemscope=\"itemscope\" itemtype=\"https:\/\/schema.org\/BlogPosting\" itemprop=\"blogPost\" ><div class='av-inner-masonry-sizer'><\/div><figure class='av-inner-masonry main_color'><div class=\"av-masonry-outerimage-container\"><div class='av-masonry-image-container' style=\"background-image: url(https:\/\/tomil.de\/fotoshopwp\/wp-content\/uploads\/2019\/10\/M\u00f6ll-214-Bearbeitet-499x705.jpg);\"  title=\"Treppenhaus L\u00f6wengeb\u00e4ude &#8211; Universit\u00e4tsplatz 11\"  ><\/div><\/div><\/figure><\/a><!--end av-masonry entry--><a href=\"https:\/\/tomil.de\/fotoshopwp\/universitaetsplatz-mit-loewengebaeude\/\"  id='av-masonry-1-item-831' data-av-masonry-item='831' class='av-masonry-entry isotope-item post-831 post type-post status-publish format-standard has-post-thumbnail hentry category-ausstellung-2019 category-halle-a-d-saale category-uni all_sort ausstellung-2019_sort  halle-a-d-saale_sort  uni_sort  av-masonry-item-with-image av-grid-img' title=\"Universit\u00e4tsplatz mit L\u00f6wengeb\u00e4ude &#8211; Universit\u00e4tsplatz 11\"   itemscope=\"itemscope\" itemtype=\"https:\/\/schema.org\/BlogPosting\" itemprop=\"blogPost\" ><div class='av-inner-masonry-sizer'><\/div><figure class='av-inner-masonry main_color'><div class=\"av-masonry-outerimage-container\"><div class='av-masonry-image-container' style=\"background-image: url(https:\/\/tomil.de\/fotoshopwp\/wp-content\/uploads\/2019\/10\/UAHW-Rep.40-III-Nr-9-Bearbeitet-705x488.jpg);\"  title=\"Universit\u00e4tsplatz mit L\u00f6wengeb\u00e4ude &#8211; Universit\u00e4tsplatz 11\"  ><\/div><\/div><\/figure><\/a><!--end av-masonry entry--><a href=\"https:\/\/tomil.de\/fotoshopwp\/waisenhausbuchhandlung\/\"  id='av-masonry-1-item-821' data-av-masonry-item='821' class='av-masonry-entry isotope-item post-821 post type-post status-publish format-standard has-post-thumbnail hentry category-ausstellung-2019 category-halle-a-d-saale category-uni tag-riehm all_sort ausstellung-2019_sort  halle-a-d-saale_sort  uni_sort  av-masonry-item-with-image av-grid-img' title=\"Waisenhausbuchhandlung &#8211; Franckeplatz 5\"   itemscope=\"itemscope\" itemtype=\"https:\/\/schema.org\/BlogPosting\" itemprop=\"blogPost\" ><div class='av-inner-masonry-sizer'><\/div><figure class='av-inner-masonry main_color'><div class=\"av-masonry-outerimage-container\"><div class='av-masonry-image-container' style=\"background-image: url(https:\/\/tomil.de\/fotoshopwp\/wp-content\/uploads\/2019\/10\/Riehm-437-Bearbeitet-705x517.jpg);\"  title=\"Waisenhausbuchhandlung &#8211; Franckeplatz 5\"  ><\/div><\/div><\/figure><\/a><!--end av-masonry entry--><a href=\"https:\/\/tomil.de\/fotoshopwp\/universitaets-und-landesbibliothek-sachsen-anhalt\/\"  id='av-masonry-1-item-707' data-av-masonry-item='707' class='av-masonry-entry isotope-item post-707 post type-post status-publish format-standard has-post-thumbnail hentry category-ausstellung-2019 category-halle-a-d-saale category-uni tag-moeller all_sort ausstellung-2019_sort  halle-a-d-saale_sort  uni_sort  av-masonry-item-with-image av-grid-img' title=\"Universit\u00e4ts- und Landesbibliothek Sachsen-Anhalt &#8211; Verwaltungsgeb\u00e4ude, August-Bebel-Stra\u00dfe 13\"   itemscope=\"itemscope\" itemtype=\"https:\/\/schema.org\/BlogPosting\" itemprop=\"blogPost\" ><div class='av-inner-masonry-sizer'><\/div><figure class='av-inner-masonry main_color'><div class=\"av-masonry-outerimage-container\"><div class='av-masonry-image-container' style=\"background-image: url(https:\/\/tomil.de\/fotoshopwp\/wp-content\/uploads\/2019\/10\/M\u00f6ll-147-Bearbeitet-705x481.jpg);\"  title=\"Universit\u00e4ts- und Landesbibliothek Sachsen-Anhalt &#8211; Verwaltungsgeb\u00e4ude, August-Bebel-Stra\u00dfe 13\"  ><\/div><\/div><\/figure><\/a><!--end av-masonry entry--><a href=\"https:\/\/tomil.de\/fotoshopwp\/hauptgebaeude-der-franckeschen-stiftungen\/\"  id='av-masonry-1-item-781' data-av-masonry-item='781' class='av-masonry-entry isotope-item post-781 post type-post status-publish format-standard has-post-thumbnail hentry category-ausstellung-2019 category-halle-a-d-saale category-uni tag-ar tag-moeller all_sort ausstellung-2019_sort  halle-a-d-saale_sort  uni_sort  av-masonry-item-with-image av-grid-img' title=\"Hauptgeb\u00e4ude der Franckeschen Stiftungen &#8211; Franckeplatz 1\"   itemscope=\"itemscope\" itemtype=\"https:\/\/schema.org\/BlogPosting\" itemprop=\"blogPost\" ><div class='av-inner-masonry-sizer'><\/div><figure class='av-inner-masonry main_color'><div class=\"av-masonry-outerimage-container\"><div class='av-masonry-image-container' style=\"background-image: url(https:\/\/tomil.de\/fotoshopwp\/wp-content\/uploads\/2019\/10\/M\u00f6ll-467_Neu-Bearbeitet-705x499.jpg);\"  title=\"Hauptgeb\u00e4ude der Franckeschen Stiftungen &#8211; Franckeplatz 1\"  ><\/div><\/div><\/figure><\/a><!--end av-masonry entry--><a href=\"https:\/\/tomil.de\/fotoshopwp\/moritzkirche\/\"  id='av-masonry-1-item-794' data-av-masonry-item='794' class='av-masonry-entry isotope-item post-794 post type-post status-publish format-standard has-post-thumbnail hentry category-ausstellung-2019 category-halle-a-d-saale category-uni tag-riehm all_sort ausstellung-2019_sort  halle-a-d-saale_sort  uni_sort  av-masonry-item-with-image av-grid-img' title=\"Moritzkirche &#8211; An der Moritzkirche 6 \u2013 8\"   itemscope=\"itemscope\" itemtype=\"https:\/\/schema.org\/BlogPosting\" itemprop=\"blogPost\" ><div class='av-inner-masonry-sizer'><\/div><figure class='av-inner-masonry main_color'><div class=\"av-masonry-outerimage-container\"><div class='av-masonry-image-container' style=\"background-image: url(https:\/\/tomil.de\/fotoshopwp\/wp-content\/uploads\/2019\/10\/riehm-019-Bearbeitet-705x521.jpg);\"  title=\"Moritzkirche &#8211; An der Moritzkirche 6 \u2013 8\"  ><\/div><\/div><\/figure><\/a><!--end av-masonry entry--><a href=\"https:\/\/tomil.de\/fotoshopwp\/domplatz-neue-kanzlei\/\"  id='av-masonry-1-item-816' data-av-masonry-item='816' class='av-masonry-entry isotope-item post-816 post type-post status-publish format-standard has-post-thumbnail hentry category-ausstellung-2019 category-halle-a-d-saale category-uni tag-riehm all_sort ausstellung-2019_sort  halle-a-d-saale_sort  uni_sort  av-masonry-item-with-image av-grid-img' title=\"Neue Kanzlei &#8211; Domplatz 1\"   itemscope=\"itemscope\" itemtype=\"https:\/\/schema.org\/BlogPosting\" itemprop=\"blogPost\" ><div class='av-inner-masonry-sizer'><\/div><figure class='av-inner-masonry main_color'><div class=\"av-masonry-outerimage-container\"><div class='av-masonry-image-container' style=\"background-image: url(https:\/\/tomil.de\/fotoshopwp\/wp-content\/uploads\/2019\/10\/Riehm-335-Bearbeitet-705x523.jpg);\"  title=\"Neue Kanzlei &#8211; Domplatz 1\"  ><\/div><\/div><\/figure><\/a><!--end av-masonry entry--><a href=\"https:\/\/tomil.de\/fotoshopwp\/germanistisches-institut\/\"  id='av-masonry-1-item-790' data-av-masonry-item='790' class='av-masonry-entry isotope-item post-790 post type-post status-publish format-standard has-post-thumbnail hentry category-ausstellung-2019 category-halle-a-d-saale category-uni all_sort ausstellung-2019_sort  halle-a-d-saale_sort  uni_sort  av-masonry-item-with-image av-grid-img' title=\"Germanistisches Institut &#8211; Ludwig-Wucherer-Stra\u00dfe 2\"   itemscope=\"itemscope\" itemtype=\"https:\/\/schema.org\/BlogPosting\" itemprop=\"blogPost\" ><div class='av-inner-masonry-sizer'><\/div><figure class='av-inner-masonry main_color'><div class=\"av-masonry-outerimage-container\"><div class='av-masonry-image-container' style=\"background-image: url(https:\/\/tomil.de\/fotoshopwp\/wp-content\/uploads\/2019\/10\/Platte_0169-Bearbeitet-705x501.jpg);\"  title=\"Germanistisches Institut &#8211; Ludwig-Wucherer-Stra\u00dfe 2\"  ><\/div><\/div><\/figure><\/a><!--end av-masonry entry--><a href=\"https:\/\/tomil.de\/fotoshopwp\/universitaets-und-landesbibliothek-magazin-sachsen-anhalt\/\"  id='av-masonry-1-item-738' data-av-masonry-item='738' class='av-masonry-entry isotope-item post-738 post type-post status-publish format-standard has-post-thumbnail hentry category-ausstellung-2019 category-halle-a-d-saale category-uni tag-ar tag-moeller all_sort ausstellung-2019_sort  halle-a-d-saale_sort  uni_sort  av-masonry-item-with-image av-grid-img' title=\"Universit\u00e4ts- und Landesbibliothek Sachsen-Anhalt &#8211; Magazinbibliothek, August-Bebel-Stra\u00dfe 50\"   itemscope=\"itemscope\" itemtype=\"https:\/\/schema.org\/BlogPosting\" itemprop=\"blogPost\" ><div class='av-inner-masonry-sizer'><\/div><figure class='av-inner-masonry main_color'><div class=\"av-masonry-outerimage-container\"><div class='av-masonry-image-container' style=\"background-image: url(https:\/\/tomil.de\/fotoshopwp\/wp-content\/uploads\/2019\/10\/M\u00f6ll-148-Bearbeitet-705x487.jpg);\"  title=\"Universit\u00e4ts- und Landesbibliothek Sachsen-Anhalt &#8211; Magazinbibliothek, August-Bebel-Stra\u00dfe 50\"  ><\/div><\/div><\/figure><\/a><!--end av-masonry entry--><a href=\"https:\/\/tomil.de\/fotoshopwp\/giebichensteinbruecke\/\"  id='av-masonry-1-item-784' data-av-masonry-item='784' class='av-masonry-entry isotope-item post-784 post type-post status-publish format-standard has-post-thumbnail hentry category-ausstellung-2019 category-ausstellung-2021 category-halle-a-d-saale category-stadtarchiv category-uni tag-ar tag-landscape tag-moeller all_sort ausstellung-2019_sort  ausstellung-2021_sort  halle-a-d-saale_sort  stadtarchiv_sort  uni_sort  av-masonry-item-with-image av-landscape-img' title=\"Giebichensteinbr\u00fccke &#8211; Kr\u00f6llwitzer Stra\u00dfe\"   itemscope=\"itemscope\" itemtype=\"https:\/\/schema.org\/BlogPosting\" itemprop=\"blogPost\" ><div class='av-inner-masonry-sizer'><\/div><figure class='av-inner-masonry main_color'><div class=\"av-masonry-outerimage-container\"><div class='av-masonry-image-container' style=\"background-image: url(https:\/\/tomil.de\/fotoshopwp\/wp-content\/uploads\/2019\/10\/M\u00f6ll-504-Bearbeitet1-705x494.jpg);\"  title=\"Giebichensteinbr\u00fccke &#8211; Kr\u00f6llwitzer Stra\u00dfe\"  ><\/div><\/div><\/figure><\/a><!--end av-masonry entry--><a href=\"https:\/\/tomil.de\/fotoshopwp\/stadtmuseum\/\"  id='av-masonry-1-item-803' data-av-masonry-item='803' class='av-masonry-entry isotope-item post-803 post type-post status-publish format-standard has-post-thumbnail hentry category-ausstellung-2019 category-halle-a-d-saale category-uni tag-ar tag-riehm all_sort ausstellung-2019_sort  halle-a-d-saale_sort  uni_sort  av-masonry-item-with-image av-grid-img' title=\"Stadtmuseum &#8211; Gro\u00dfe M\u00e4rkerstra\u00dfe 10\"   itemscope=\"itemscope\" itemtype=\"https:\/\/schema.org\/BlogPosting\" itemprop=\"blogPost\" ><div class='av-inner-masonry-sizer'><\/div><figure class='av-inner-masonry main_color'><div class=\"av-masonry-outerimage-container\"><div class='av-masonry-image-container' style=\"background-image: url(https:\/\/tomil.de\/fotoshopwp\/wp-content\/uploads\/2019\/10\/riehm-220-Bearbeitet-705x516.jpg);\"  title=\"Stadtmuseum &#8211; Gro\u00dfe M\u00e4rkerstra\u00dfe 10\"  ><\/div><\/div><\/figure><\/a><!--end av-masonry entry--><a href=\"https:\/\/tomil.de\/fotoshopwp\/universitaetskliniken-magdeburger-strasse\/\"  id='av-masonry-1-item-750' data-av-masonry-item='750' class='av-masonry-entry isotope-item post-750 post type-post status-publish format-standard has-post-thumbnail hentry category-ausstellung-2019 category-halle-a-d-saale category-uni tag-moeller all_sort ausstellung-2019_sort  halle-a-d-saale_sort  uni_sort  av-masonry-item-with-image av-grid-img' title=\"Universit\u00e4tskliniken: Frauenklinik, Chirurgie, Augenklinik &#8211; Magdeburger Stra\u00dfe 24\"   itemscope=\"itemscope\" itemtype=\"https:\/\/schema.org\/BlogPosting\" itemprop=\"blogPost\" ><div class='av-inner-masonry-sizer'><\/div><figure class='av-inner-masonry main_color'><div class=\"av-masonry-outerimage-container\"><div class='av-masonry-image-container' style=\"background-image: url(https:\/\/tomil.de\/fotoshopwp\/wp-content\/uploads\/2019\/10\/M\u00f6ll-155_Neu-Bearbeitet-705x490.jpg);\"  title=\"Universit\u00e4tskliniken: Frauenklinik, Chirurgie, Augenklinik &#8211; Magdeburger Stra\u00dfe 24\"  ><\/div><\/div><\/figure><\/a><!--end av-masonry entry--><a href=\"https:\/\/tomil.de\/fotoshopwp\/stadtmauer\/\"  id='av-masonry-1-item-797' data-av-masonry-item='797' class='av-masonry-entry isotope-item post-797 post type-post status-publish format-standard has-post-thumbnail hentry category-ausstellung-2019 category-halle-a-d-saale category-uni tag-ar tag-riehm all_sort ausstellung-2019_sort  halle-a-d-saale_sort  uni_sort  av-masonry-item-with-image av-grid-img' title=\"Stadtmauer &#8211; Waisenhausring 10 \u2013 12\"   itemscope=\"itemscope\" itemtype=\"https:\/\/schema.org\/BlogPosting\" itemprop=\"blogPost\" ><div class='av-inner-masonry-sizer'><\/div><figure class='av-inner-masonry main_color'><div class=\"av-masonry-outerimage-container\"><div class='av-masonry-image-container' style=\"background-image: url(https:\/\/tomil.de\/fotoshopwp\/wp-content\/uploads\/2019\/10\/riehm-049-Bearbeitet-705x527.jpg);\"  title=\"Stadtmauer &#8211; Waisenhausring 10 \u2013 12\"  ><\/div><\/div><\/figure><\/a><!--end av-masonry entry--><a href=\"https:\/\/tomil.de\/fotoshopwp\/oper-halle\/\"  id='av-masonry-1-item-787' data-av-masonry-item='787' class='av-masonry-entry isotope-item post-787 post type-post status-publish format-standard has-post-thumbnail hentry category-ausstellung-2019 category-ausstellung-2021 category-halle-a-d-saale category-stadtarchiv category-uni tag-ar tag-moeller all_sort ausstellung-2019_sort  ausstellung-2021_sort  halle-a-d-saale_sort  stadtarchiv_sort  uni_sort  av-masonry-item-with-image av-grid-img' title=\"Oper Halle &#8211; Universit\u00e4tsring 24\"   itemscope=\"itemscope\" itemtype=\"https:\/\/schema.org\/BlogPosting\" itemprop=\"blogPost\" ><div class='av-inner-masonry-sizer'><\/div><figure class='av-inner-masonry main_color'><div class=\"av-masonry-outerimage-container\"><div class='av-masonry-image-container' style=\"background-image: url(https:\/\/tomil.de\/fotoshopwp\/wp-content\/uploads\/2019\/10\/M\u00f6ller022-705x518.jpg);\"  title=\"Oper Halle &#8211; Universit\u00e4tsring 24\"  ><\/div><\/div><\/figure><\/a><!--end av-masonry entry--><a href=\"https:\/\/tomil.de\/fotoshopwp\/nord-und-westfluegel-der-moritzburg\/\"  id='av-masonry-1-item-812' data-av-masonry-item='812' class='av-masonry-entry isotope-item post-812 post type-post status-publish format-standard has-post-thumbnail hentry category-ausstellung-2019 category-halle-a-d-saale category-uni tag-riehm all_sort ausstellung-2019_sort  halle-a-d-saale_sort  uni_sort  av-masonry-item-with-image av-grid-img' title=\"Nord- und Westfl\u00fcgel der Moritzburg &#8211; Friedemann-Bach-Platz 5\"   itemscope=\"itemscope\" itemtype=\"https:\/\/schema.org\/BlogPosting\" itemprop=\"blogPost\" ><div class='av-inner-masonry-sizer'><\/div><figure class='av-inner-masonry main_color'><div class=\"av-masonry-outerimage-container\"><div class='av-masonry-image-container' style=\"background-image: url(https:\/\/tomil.de\/fotoshopwp\/wp-content\/uploads\/2019\/10\/riehm-246-Bearbeitet-705x520.jpg);\"  title=\"Nord- und Westfl\u00fcgel der Moritzburg &#8211; Friedemann-Bach-Platz 5\"  ><\/div><\/div><\/figure><\/a><!--end av-masonry entry--><a href=\"https:\/\/tomil.de\/fotoshopwp\/marktschloesschen\/\"  id='av-masonry-1-item-649' data-av-masonry-item='649' class='av-masonry-entry isotope-item post-649 post type-post status-publish format-standard has-post-thumbnail hentry category-ausstellung-2019 category-ausstellung-2021 category-halle-a-d-saale category-marktschloesschen category-stadtarchiv category-uni tag-ar tag-marktschloesschen tag-moell-27 tag-moeller all_sort ausstellung-2019_sort  ausstellung-2021_sort  halle-a-d-saale_sort  marktschloesschen_sort  stadtarchiv_sort  uni_sort  av-masonry-item-with-image av-grid-img' title=\"Marktschl\u00f6\u00dfchen &#8211; Marktplatz 13\"   itemscope=\"itemscope\" itemtype=\"https:\/\/schema.org\/BlogPosting\" itemprop=\"blogPost\" ><div class='av-inner-masonry-sizer'><\/div><figure class='av-inner-masonry main_color'><div class=\"av-masonry-outerimage-container\"><div class='av-masonry-image-container' style=\"background-image: url(https:\/\/tomil.de\/fotoshopwp\/wp-content\/uploads\/2019\/10\/M\u00f6ll-27-bearbeitet-705x488.jpg);\"  title=\"Marktschl\u00f6\u00dfchen &#8211; Marktplatz 13\"  ><\/div><\/div><\/figure><\/a><!--end av-masonry entry--><a href=\"https:\/\/tomil.de\/fotoshopwp\/zentralmagazin-naturwissenschaftlicher-sammlungen\/\"  id='av-masonry-1-item-772' data-av-masonry-item='772' class='av-masonry-entry isotope-item post-772 post type-post status-publish format-standard has-post-thumbnail hentry category-ausstellung-2019 category-halle-a-d-saale category-uni tag-moeller all_sort ausstellung-2019_sort  halle-a-d-saale_sort  uni_sort  av-masonry-item-with-image av-grid-img' title=\"Zentralmagazin Naturwissenschaftlicher Sammlungen &#8211; Domplatz 4\"   itemscope=\"itemscope\" itemtype=\"https:\/\/schema.org\/BlogPosting\" itemprop=\"blogPost\" ><div class='av-inner-masonry-sizer'><\/div><figure class='av-inner-masonry main_color'><div class=\"av-masonry-outerimage-container\"><div class='av-masonry-image-container' style=\"background-image: url(https:\/\/tomil.de\/fotoshopwp\/wp-content\/uploads\/2019\/10\/M\u00f6ll-237ohneRahmen-705x499.jpg);\"  title=\"Zentralmagazin Naturwissenschaftlicher Sammlungen &#8211; Domplatz 4\"  ><\/div><\/div><\/figure><\/a><!--end av-masonry entry--><\/div><\/div><\/div>\n ","protected":false},"excerpt":{"rendered":"","protected":false},"author":1,"featured_media":0,"comment_status":"open","ping_status":"open","sticky":false,"template":"","format":"standard","meta":{"jetpack_post_was_ever_published":false,"_jetpack_newsletter_access":"","_jetpack_dont_email_post_to_subs":false,"_jetpack_newsletter_tier_id":0,"footnotes":"","jetpack_publicize_message":"","jetpack_publicize_feature_enabled":true,"jetpack_social_post_already_shared":true,"jetpack_social_options":{"image_generator_settings":{"template":"highway","enabled":false}}},"categories":[1],"tags":[],"jetpack_publicize_connections":[],"aioseo_notices":[],"jetpack_sharing_enabled":false,"jetpack_featured_media_url":"","jetpack_shortlink":"https:\/\/wp.me\/pb03Dh-jy","_links":{"self":[{"href":"https:\/\/tomil.de\/fotoshopwp\/wp-json\/wp\/v2\/posts\/1212"}],"collection":[{"href":"https:\/\/tomil.de\/fotoshopwp\/wp-json\/wp\/v2\/posts"}],"about":[{"href":"https:\/\/tomil.de\/fotoshopwp\/wp-json\/wp\/v2\/types\/post"}],"author":[{"embeddable":true,"href":"https:\/\/tomil.de\/fotoshopwp\/wp-json\/wp\/v2\/users\/1"}],"replies":[{"embeddable":true,"href":"https:\/\/tomil.de\/fotoshopwp\/wp-json\/wp\/v2\/comments?post=1212"}],"version-history":[{"count":1,"href":"https:\/\/tomil.de\/fotoshopwp\/wp-json\/wp\/v2\/posts\/1212\/revisions"}],"predecessor-version":[{"id":1213,"href":"https:\/\/tomil.de\/fotoshopwp\/wp-json\/wp\/v2\/posts\/1212\/revisions\/1213"}],"wp:attachment":[{"href":"https:\/\/tomil.de\/fotoshopwp\/wp-json\/wp\/v2\/media?parent=1212"}],"wp:term":[{"taxonomy":"category","embeddable":true,"href":"https:\/\/tomil.de\/fotoshopwp\/wp-json\/wp\/v2\/categories?post=1212"},{"taxonomy":"post_tag","embeddable":true,"href":"https:\/\/tomil.de\/fotoshopwp\/wp-json\/wp\/v2\/tags?post=1212"}],"curies":[{"name":"wp","href":"https:\/\/api.w.org\/{rel}","templated":true}]}}