{"id":1563,"date":"2021-09-09T10:37:15","date_gmt":"2021-09-09T08:37:15","guid":{"rendered":"https:\/\/tomil.de\/fotoshopwp\/?p=1563"},"modified":"2021-09-09T10:52:48","modified_gmt":"2021-09-09T08:52:48","slug":"ausstellung-im-stadtarchiv","status":"publish","type":"post","link":"https:\/\/tomil.de\/fotoshopwp\/ausstellung-im-stadtarchiv\/","title":{"rendered":"Ausstellung im Stadtarchiv"},"content":{"rendered":"<div class='flex_column av-ercysx-2f025a3566c4070ea60b31dd6bad46a3 av_two_third  avia-builder-el-0  el_before_av_one_third  avia-builder-el-first  first flex_column_div '     ><style type=\"text\/css\" data-created_by=\"avia_inline_auto\" id=\"style-css-av-kai5dulh-46166214fc494fcd5937f619841e2b4a\">\n#top .avia-gallery.av-kai5dulh-46166214fc494fcd5937f619841e2b4a .avia-gallery-thumb a{\nwidth:25%;\n}\n<\/style>\n<div  class='avia-gallery av-kai5dulh-46166214fc494fcd5937f619841e2b4a avia_animate_when_visible  avia-builder-el-1  avia-builder-el-no-sibling  avia_lazyload avia-gallery-animate avia-gallery-1'  itemprop=\"image\" itemscope=\"itemscope\" itemtype=\"https:\/\/schema.org\/ImageObject\" ><meta itemprop=\"contentURL\" content=\"https:\/\/tomil.de\/fotoshopwp\/ausstellung-im-stadtarchiv\/\"><a class='avia-gallery-big fakeLightbox lightbox avia-gallery-big-crop-thumb ' href=\"https:\/\/tomil.de\/fotoshopwp\/wp-content\/uploads\/2021\/09\/20210903_124624-1030x397.jpg\" data-srcset=\"https:\/\/tomil.de\/fotoshopwp\/wp-content\/uploads\/2021\/09\/20210903_124624-1030x397.jpg 1030w, https:\/\/tomil.de\/fotoshopwp\/wp-content\/uploads\/2021\/09\/20210903_124624-300x115.jpg 300w, https:\/\/tomil.de\/fotoshopwp\/wp-content\/uploads\/2021\/09\/20210903_124624-1536x591.jpg 1536w, https:\/\/tomil.de\/fotoshopwp\/wp-content\/uploads\/2021\/09\/20210903_124624-2048x788.jpg 2048w, https:\/\/tomil.de\/fotoshopwp\/wp-content\/uploads\/2021\/09\/20210903_124624-1500x577.jpg 1500w, https:\/\/tomil.de\/fotoshopwp\/wp-content\/uploads\/2021\/09\/20210903_124624-705x271.jpg 705w, https:\/\/tomil.de\/fotoshopwp\/wp-content\/uploads\/2021\/09\/20210903_124624-600x231.jpg 600w\" data-sizes=\"(max-width: 1030px) 100vw, 1030px\"  data-onclick='1' title='20210903_124624' ><span class='avia-gallery-big-inner'  itemprop=\"thumbnailUrl\" ><img decoding=\"async\" class=\"wp-image-1566 avia-img-lazy-loading-not-1566\"  width=\"2560\" height=\"986\" src=\"https:\/\/tomil.de\/fotoshopwp\/wp-content\/uploads\/2021\/09\/20210903_124624-scaled.jpg\" title='20210903_124624' alt='' srcset=\"https:\/\/tomil.de\/fotoshopwp\/wp-content\/uploads\/2021\/09\/20210903_124624-scaled.jpg 2560w, https:\/\/tomil.de\/fotoshopwp\/wp-content\/uploads\/2021\/09\/20210903_124624-300x115.jpg 300w, https:\/\/tomil.de\/fotoshopwp\/wp-content\/uploads\/2021\/09\/20210903_124624-1030x397.jpg 1030w, https:\/\/tomil.de\/fotoshopwp\/wp-content\/uploads\/2021\/09\/20210903_124624-1536x591.jpg 1536w, https:\/\/tomil.de\/fotoshopwp\/wp-content\/uploads\/2021\/09\/20210903_124624-2048x788.jpg 2048w, https:\/\/tomil.de\/fotoshopwp\/wp-content\/uploads\/2021\/09\/20210903_124624-1500x577.jpg 1500w, https:\/\/tomil.de\/fotoshopwp\/wp-content\/uploads\/2021\/09\/20210903_124624-705x271.jpg 705w, https:\/\/tomil.de\/fotoshopwp\/wp-content\/uploads\/2021\/09\/20210903_124624-600x231.jpg 600w\" sizes=\"(max-width: 2560px) 100vw, 2560px\" \/><\/span><\/a><div class='avia-gallery-thumb'><a href=\"https:\/\/tomil.de\/fotoshopwp\/wp-content\/uploads\/2021\/09\/20210903_124624-1030x397.jpg\" data-srcset=\"https:\/\/tomil.de\/fotoshopwp\/wp-content\/uploads\/2021\/09\/20210903_124624-1030x397.jpg 1030w, https:\/\/tomil.de\/fotoshopwp\/wp-content\/uploads\/2021\/09\/20210903_124624-300x115.jpg 300w, https:\/\/tomil.de\/fotoshopwp\/wp-content\/uploads\/2021\/09\/20210903_124624-1536x591.jpg 1536w, https:\/\/tomil.de\/fotoshopwp\/wp-content\/uploads\/2021\/09\/20210903_124624-2048x788.jpg 2048w, https:\/\/tomil.de\/fotoshopwp\/wp-content\/uploads\/2021\/09\/20210903_124624-1500x577.jpg 1500w, https:\/\/tomil.de\/fotoshopwp\/wp-content\/uploads\/2021\/09\/20210903_124624-705x271.jpg 705w, https:\/\/tomil.de\/fotoshopwp\/wp-content\/uploads\/2021\/09\/20210903_124624-600x231.jpg 600w\" data-sizes=\"(max-width: 1030px) 100vw, 1030px\" data-rel='gallery-1' data-prev-img='https:\/\/tomil.de\/fotoshopwp\/wp-content\/uploads\/2021\/09\/20210903_124624-scaled.jpg' class='first_thumb lightbox ' data-onclick='1' title='20210903_124624'  itemprop=\"thumbnailUrl\"  ><img decoding=\"async\" class=\"wp-image-1566 avia-img-lazy-loading-not-1566\"   src=\"https:\/\/tomil.de\/fotoshopwp\/wp-content\/uploads\/2021\/09\/20210903_124624-495x400.jpg\" width=\"495\" height=\"400\"  title='20210903_124624' alt='' srcset=\"https:\/\/tomil.de\/fotoshopwp\/wp-content\/uploads\/2021\/09\/20210903_124624-495x400.jpg 495w, https:\/\/tomil.de\/fotoshopwp\/wp-content\/uploads\/2021\/09\/20210903_124624-845x684.jpg 845w\" sizes=\"(max-width: 495px) 100vw, 495px\" \/><div class='big-prev-fake'><img loading=\"lazy\" decoding=\"async\" class=\"wp-image-1566 avia-img-lazy-loading-1566\"  width=\"2560\" height=\"986\" src=\"https:\/\/tomil.de\/fotoshopwp\/wp-content\/uploads\/2021\/09\/20210903_124624-scaled.jpg\" title='20210903_124624' alt='' srcset=\"https:\/\/tomil.de\/fotoshopwp\/wp-content\/uploads\/2021\/09\/20210903_124624-scaled.jpg 2560w, https:\/\/tomil.de\/fotoshopwp\/wp-content\/uploads\/2021\/09\/20210903_124624-300x115.jpg 300w, https:\/\/tomil.de\/fotoshopwp\/wp-content\/uploads\/2021\/09\/20210903_124624-1030x397.jpg 1030w, https:\/\/tomil.de\/fotoshopwp\/wp-content\/uploads\/2021\/09\/20210903_124624-1536x591.jpg 1536w, https:\/\/tomil.de\/fotoshopwp\/wp-content\/uploads\/2021\/09\/20210903_124624-2048x788.jpg 2048w, https:\/\/tomil.de\/fotoshopwp\/wp-content\/uploads\/2021\/09\/20210903_124624-1500x577.jpg 1500w, https:\/\/tomil.de\/fotoshopwp\/wp-content\/uploads\/2021\/09\/20210903_124624-705x271.jpg 705w, https:\/\/tomil.de\/fotoshopwp\/wp-content\/uploads\/2021\/09\/20210903_124624-600x231.jpg 600w\" sizes=\"(max-width: 2560px) 100vw, 2560px\" \/><\/div><\/a><a href=\"https:\/\/tomil.de\/fotoshopwp\/wp-content\/uploads\/2021\/09\/20210903_124716-scaled-e1717935622702-1030x685.jpg\" data-srcset=\"https:\/\/tomil.de\/fotoshopwp\/wp-content\/uploads\/2021\/09\/20210903_124716-scaled-e1717935622702-1030x685.jpg 1030w, https:\/\/tomil.de\/fotoshopwp\/wp-content\/uploads\/2021\/09\/20210903_124716-scaled-e1717935622702-300x200.jpg 300w, https:\/\/tomil.de\/fotoshopwp\/wp-content\/uploads\/2021\/09\/20210903_124716-scaled-e1717935622702-1536x1022.jpg 1536w, https:\/\/tomil.de\/fotoshopwp\/wp-content\/uploads\/2021\/09\/20210903_124716-scaled-e1717935622702-1500x998.jpg 1500w, https:\/\/tomil.de\/fotoshopwp\/wp-content\/uploads\/2021\/09\/20210903_124716-scaled-e1717935622702-705x469.jpg 705w, https:\/\/tomil.de\/fotoshopwp\/wp-content\/uploads\/2021\/09\/20210903_124716-scaled-e1717935622702-450x299.jpg 450w, https:\/\/tomil.de\/fotoshopwp\/wp-content\/uploads\/2021\/09\/20210903_124716-scaled-e1717935622702-600x399.jpg 600w, https:\/\/tomil.de\/fotoshopwp\/wp-content\/uploads\/2021\/09\/20210903_124716-scaled-e1717935622702.jpg 2048w\" data-sizes=\"(max-width: 1030px) 100vw, 1030px\" data-rel='gallery-1' data-prev-img='https:\/\/tomil.de\/fotoshopwp\/wp-content\/uploads\/2021\/09\/20210903_124716-scaled-e1717935622702.jpg' class='lightbox ' data-onclick='2' title='20210903_124716'  itemprop=\"thumbnailUrl\"  ><img decoding=\"async\" class=\"wp-image-1567 avia-img-lazy-loading-not-1567\"   src=\"https:\/\/tomil.de\/fotoshopwp\/wp-content\/uploads\/2021\/09\/20210903_124716-scaled-e1717935622702-495x400.jpg\" width=\"495\" height=\"400\"  title='20210903_124716' alt='' srcset=\"https:\/\/tomil.de\/fotoshopwp\/wp-content\/uploads\/2021\/09\/20210903_124716-scaled-e1717935622702-495x400.jpg 495w, https:\/\/tomil.de\/fotoshopwp\/wp-content\/uploads\/2021\/09\/20210903_124716-scaled-e1717935622702-845x684.jpg 845w\" sizes=\"(max-width: 495px) 100vw, 495px\" \/><div class='big-prev-fake'><img loading=\"lazy\" decoding=\"async\" class=\"wp-image-1567 avia-img-lazy-loading-1567\"  width=\"2048\" height=\"1362\" src=\"https:\/\/tomil.de\/fotoshopwp\/wp-content\/uploads\/2021\/09\/20210903_124716-scaled-e1717935622702.jpg\" title='20210903_124716' alt='' srcset=\"https:\/\/tomil.de\/fotoshopwp\/wp-content\/uploads\/2021\/09\/20210903_124716-scaled-e1717935622702.jpg 2048w, https:\/\/tomil.de\/fotoshopwp\/wp-content\/uploads\/2021\/09\/20210903_124716-scaled-e1717935622702-300x200.jpg 300w, https:\/\/tomil.de\/fotoshopwp\/wp-content\/uploads\/2021\/09\/20210903_124716-scaled-e1717935622702-1030x685.jpg 1030w, https:\/\/tomil.de\/fotoshopwp\/wp-content\/uploads\/2021\/09\/20210903_124716-scaled-e1717935622702-1536x1022.jpg 1536w, https:\/\/tomil.de\/fotoshopwp\/wp-content\/uploads\/2021\/09\/20210903_124716-scaled-e1717935622702-1500x998.jpg 1500w, https:\/\/tomil.de\/fotoshopwp\/wp-content\/uploads\/2021\/09\/20210903_124716-scaled-e1717935622702-705x469.jpg 705w, https:\/\/tomil.de\/fotoshopwp\/wp-content\/uploads\/2021\/09\/20210903_124716-scaled-e1717935622702-450x299.jpg 450w, https:\/\/tomil.de\/fotoshopwp\/wp-content\/uploads\/2021\/09\/20210903_124716-scaled-e1717935622702-600x399.jpg 600w\" sizes=\"(max-width: 2048px) 100vw, 2048px\" \/><\/div><\/a><a href=\"https:\/\/tomil.de\/fotoshopwp\/wp-content\/uploads\/2021\/09\/20210903_124734-1030x580.jpg\" data-srcset=\"https:\/\/tomil.de\/fotoshopwp\/wp-content\/uploads\/2021\/09\/20210903_124734-1030x580.jpg 1030w, https:\/\/tomil.de\/fotoshopwp\/wp-content\/uploads\/2021\/09\/20210903_124734-300x169.jpg 300w, https:\/\/tomil.de\/fotoshopwp\/wp-content\/uploads\/2021\/09\/20210903_124734-1536x865.jpg 1536w, https:\/\/tomil.de\/fotoshopwp\/wp-content\/uploads\/2021\/09\/20210903_124734-2048x1153.jpg 2048w, https:\/\/tomil.de\/fotoshopwp\/wp-content\/uploads\/2021\/09\/20210903_124734-1500x845.jpg 1500w, https:\/\/tomil.de\/fotoshopwp\/wp-content\/uploads\/2021\/09\/20210903_124734-705x397.jpg 705w, https:\/\/tomil.de\/fotoshopwp\/wp-content\/uploads\/2021\/09\/20210903_124734-600x338.jpg 600w\" data-sizes=\"(max-width: 1030px) 100vw, 1030px\" data-rel='gallery-1' data-prev-img='https:\/\/tomil.de\/fotoshopwp\/wp-content\/uploads\/2021\/09\/20210903_124734-scaled.jpg' class='lightbox ' data-onclick='3' title='20210903_124734'  itemprop=\"thumbnailUrl\"  ><img decoding=\"async\" class=\"wp-image-1568 avia-img-lazy-loading-not-1568\"   src=\"https:\/\/tomil.de\/fotoshopwp\/wp-content\/uploads\/2021\/09\/20210903_124734-495x400.jpg\" width=\"495\" height=\"400\"  title='20210903_124734' alt='' srcset=\"https:\/\/tomil.de\/fotoshopwp\/wp-content\/uploads\/2021\/09\/20210903_124734-495x400.jpg 495w, https:\/\/tomil.de\/fotoshopwp\/wp-content\/uploads\/2021\/09\/20210903_124734-845x684.jpg 845w\" sizes=\"(max-width: 495px) 100vw, 495px\" \/><div class='big-prev-fake'><img loading=\"lazy\" decoding=\"async\" class=\"wp-image-1568 avia-img-lazy-loading-1568\"  width=\"2560\" height=\"1441\" src=\"https:\/\/tomil.de\/fotoshopwp\/wp-content\/uploads\/2021\/09\/20210903_124734-scaled.jpg\" title='20210903_124734' alt='' srcset=\"https:\/\/tomil.de\/fotoshopwp\/wp-content\/uploads\/2021\/09\/20210903_124734-scaled.jpg 2560w, https:\/\/tomil.de\/fotoshopwp\/wp-content\/uploads\/2021\/09\/20210903_124734-300x169.jpg 300w, https:\/\/tomil.de\/fotoshopwp\/wp-content\/uploads\/2021\/09\/20210903_124734-1030x580.jpg 1030w, https:\/\/tomil.de\/fotoshopwp\/wp-content\/uploads\/2021\/09\/20210903_124734-1536x865.jpg 1536w, https:\/\/tomil.de\/fotoshopwp\/wp-content\/uploads\/2021\/09\/20210903_124734-2048x1153.jpg 2048w, https:\/\/tomil.de\/fotoshopwp\/wp-content\/uploads\/2021\/09\/20210903_124734-1500x845.jpg 1500w, https:\/\/tomil.de\/fotoshopwp\/wp-content\/uploads\/2021\/09\/20210903_124734-705x397.jpg 705w, https:\/\/tomil.de\/fotoshopwp\/wp-content\/uploads\/2021\/09\/20210903_124734-600x338.jpg 600w\" sizes=\"(max-width: 2560px) 100vw, 2560px\" \/><\/div><\/a><a href=\"https:\/\/tomil.de\/fotoshopwp\/wp-content\/uploads\/2021\/09\/20210903_124745-1030x580.jpg\" data-srcset=\"https:\/\/tomil.de\/fotoshopwp\/wp-content\/uploads\/2021\/09\/20210903_124745-1030x580.jpg 1030w, https:\/\/tomil.de\/fotoshopwp\/wp-content\/uploads\/2021\/09\/20210903_124745-300x169.jpg 300w, https:\/\/tomil.de\/fotoshopwp\/wp-content\/uploads\/2021\/09\/20210903_124745-1536x865.jpg 1536w, https:\/\/tomil.de\/fotoshopwp\/wp-content\/uploads\/2021\/09\/20210903_124745-2048x1153.jpg 2048w, https:\/\/tomil.de\/fotoshopwp\/wp-content\/uploads\/2021\/09\/20210903_124745-1500x845.jpg 1500w, https:\/\/tomil.de\/fotoshopwp\/wp-content\/uploads\/2021\/09\/20210903_124745-705x397.jpg 705w, https:\/\/tomil.de\/fotoshopwp\/wp-content\/uploads\/2021\/09\/20210903_124745-600x338.jpg 600w\" data-sizes=\"(max-width: 1030px) 100vw, 1030px\" data-rel='gallery-1' data-prev-img='https:\/\/tomil.de\/fotoshopwp\/wp-content\/uploads\/2021\/09\/20210903_124745-scaled.jpg' class='lightbox ' data-onclick='4' title='20210903_124745'  itemprop=\"thumbnailUrl\"  ><img decoding=\"async\" class=\"wp-image-1569 avia-img-lazy-loading-not-1569\"   src=\"https:\/\/tomil.de\/fotoshopwp\/wp-content\/uploads\/2021\/09\/20210903_124745-495x400.jpg\" width=\"495\" height=\"400\"  title='20210903_124745' alt='' srcset=\"https:\/\/tomil.de\/fotoshopwp\/wp-content\/uploads\/2021\/09\/20210903_124745-495x400.jpg 495w, https:\/\/tomil.de\/fotoshopwp\/wp-content\/uploads\/2021\/09\/20210903_124745-845x684.jpg 845w\" sizes=\"(max-width: 495px) 100vw, 495px\" \/><div class='big-prev-fake'><img loading=\"lazy\" decoding=\"async\" class=\"wp-image-1569 avia-img-lazy-loading-1569\"  width=\"2560\" height=\"1441\" src=\"https:\/\/tomil.de\/fotoshopwp\/wp-content\/uploads\/2021\/09\/20210903_124745-scaled.jpg\" title='20210903_124745' alt='' srcset=\"https:\/\/tomil.de\/fotoshopwp\/wp-content\/uploads\/2021\/09\/20210903_124745-scaled.jpg 2560w, https:\/\/tomil.de\/fotoshopwp\/wp-content\/uploads\/2021\/09\/20210903_124745-300x169.jpg 300w, https:\/\/tomil.de\/fotoshopwp\/wp-content\/uploads\/2021\/09\/20210903_124745-1030x580.jpg 1030w, https:\/\/tomil.de\/fotoshopwp\/wp-content\/uploads\/2021\/09\/20210903_124745-1536x865.jpg 1536w, https:\/\/tomil.de\/fotoshopwp\/wp-content\/uploads\/2021\/09\/20210903_124745-2048x1153.jpg 2048w, https:\/\/tomil.de\/fotoshopwp\/wp-content\/uploads\/2021\/09\/20210903_124745-1500x845.jpg 1500w, https:\/\/tomil.de\/fotoshopwp\/wp-content\/uploads\/2021\/09\/20210903_124745-705x397.jpg 705w, https:\/\/tomil.de\/fotoshopwp\/wp-content\/uploads\/2021\/09\/20210903_124745-600x338.jpg 600w\" sizes=\"(max-width: 2560px) 100vw, 2560px\" \/><\/div><\/a><a href=\"https:\/\/tomil.de\/fotoshopwp\/wp-content\/uploads\/2021\/09\/20210903_124758-1030x580.jpg\" data-srcset=\"https:\/\/tomil.de\/fotoshopwp\/wp-content\/uploads\/2021\/09\/20210903_124758-1030x580.jpg 1030w, https:\/\/tomil.de\/fotoshopwp\/wp-content\/uploads\/2021\/09\/20210903_124758-300x169.jpg 300w, https:\/\/tomil.de\/fotoshopwp\/wp-content\/uploads\/2021\/09\/20210903_124758-1536x865.jpg 1536w, https:\/\/tomil.de\/fotoshopwp\/wp-content\/uploads\/2021\/09\/20210903_124758-2048x1153.jpg 2048w, https:\/\/tomil.de\/fotoshopwp\/wp-content\/uploads\/2021\/09\/20210903_124758-1500x845.jpg 1500w, https:\/\/tomil.de\/fotoshopwp\/wp-content\/uploads\/2021\/09\/20210903_124758-705x397.jpg 705w, https:\/\/tomil.de\/fotoshopwp\/wp-content\/uploads\/2021\/09\/20210903_124758-600x338.jpg 600w\" data-sizes=\"(max-width: 1030px) 100vw, 1030px\" data-rel='gallery-1' data-prev-img='https:\/\/tomil.de\/fotoshopwp\/wp-content\/uploads\/2021\/09\/20210903_124758-scaled.jpg' class='first_thumb lightbox ' data-onclick='5' title='20210903_124758'  itemprop=\"thumbnailUrl\"  ><img decoding=\"async\" class=\"wp-image-1570 avia-img-lazy-loading-not-1570\"   src=\"https:\/\/tomil.de\/fotoshopwp\/wp-content\/uploads\/2021\/09\/20210903_124758-495x400.jpg\" width=\"495\" height=\"400\"  title='20210903_124758' alt='' srcset=\"https:\/\/tomil.de\/fotoshopwp\/wp-content\/uploads\/2021\/09\/20210903_124758-495x400.jpg 495w, https:\/\/tomil.de\/fotoshopwp\/wp-content\/uploads\/2021\/09\/20210903_124758-845x684.jpg 845w\" sizes=\"(max-width: 495px) 100vw, 495px\" \/><div class='big-prev-fake'><img loading=\"lazy\" decoding=\"async\" class=\"wp-image-1570 avia-img-lazy-loading-1570\"  width=\"2560\" height=\"1441\" src=\"https:\/\/tomil.de\/fotoshopwp\/wp-content\/uploads\/2021\/09\/20210903_124758-scaled.jpg\" title='20210903_124758' alt='' srcset=\"https:\/\/tomil.de\/fotoshopwp\/wp-content\/uploads\/2021\/09\/20210903_124758-scaled.jpg 2560w, https:\/\/tomil.de\/fotoshopwp\/wp-content\/uploads\/2021\/09\/20210903_124758-300x169.jpg 300w, https:\/\/tomil.de\/fotoshopwp\/wp-content\/uploads\/2021\/09\/20210903_124758-1030x580.jpg 1030w, https:\/\/tomil.de\/fotoshopwp\/wp-content\/uploads\/2021\/09\/20210903_124758-1536x865.jpg 1536w, https:\/\/tomil.de\/fotoshopwp\/wp-content\/uploads\/2021\/09\/20210903_124758-2048x1153.jpg 2048w, https:\/\/tomil.de\/fotoshopwp\/wp-content\/uploads\/2021\/09\/20210903_124758-1500x845.jpg 1500w, https:\/\/tomil.de\/fotoshopwp\/wp-content\/uploads\/2021\/09\/20210903_124758-705x397.jpg 705w, https:\/\/tomil.de\/fotoshopwp\/wp-content\/uploads\/2021\/09\/20210903_124758-600x338.jpg 600w\" sizes=\"(max-width: 2560px) 100vw, 2560px\" \/><\/div><\/a><\/div><\/div><\/div>\n\n<style type=\"text\/css\" data-created_by=\"avia_inline_auto\" id=\"style-css-av-ctgodt-933284495c1e52d1206c38106f69f719\">\n.flex_column.av-ctgodt-933284495c1e52d1206c38106f69f719{\n-webkit-border-radius:0px 0px 0px 0px;\n-moz-border-radius:0px 0px 0px 0px;\nborder-radius:0px 0px 0px 0px;\n}\n<\/style>\n<div class='flex_column av-ctgodt-933284495c1e52d1206c38106f69f719 av_one_third  avia-builder-el-2  el_after_av_two_third  el_before_av_hr  flex_column_div av-zero-column-padding '     ><section  class='av_textblock_section av-kai5itby-9955d64bd9dc34206c6413d985c56e60'  itemscope=\"itemscope\" itemtype=\"https:\/\/schema.org\/BlogPosting\" itemprop=\"blogPost\" ><div class='avia_textblock'  itemprop=\"text\" ><h3><strong>Ausstellung im Stadtarchiv Halle<br \/>\n<\/strong><\/h3>\n<p><strong>ZEITREISE.<\/strong><br \/>\nEntdecken Sie hallesche Architektur<br \/>\nund Alltagsleben in Fotokompositionen<br \/>\nvon Torsten Milarg<br \/>\nMIT AUGMENTED REALITY*<\/p>\n<p><strong>ge\u00f6ffnet vom 10.9.2021 bis 5.11.2021<\/strong><\/p>\n<p><i>\u00d6ffnungszeiten<br \/>\nMontag 10:00 &#8211; 15:00 Uhr<br \/>\nDienstag &#8211; Donnerstag 10:00 &#8211; 18:00 Uhr<br \/>\nFreitag auf Anfrage<\/p>\n<\/div><\/section><br \/>\n<div  class='togglecontainer av-kai5l68j-c55f6298f5088bb52d1c7c15e56228a9  avia-builder-el-4  el_after_av_textblock  el_before_av_hr ' >\n<section class='av_toggle_section av-36toxn-fda4dced2c61288d967f2ff5da44ab61'  itemscope=\"itemscope\" itemtype=\"https:\/\/schema.org\/BlogPosting\" itemprop=\"blogPost\" ><div role=\"tablist\" class=\"single_toggle\" data-tags=\"{Alle} \"  ><p data-fake-id='#toggle-id-1' class='toggler  activeTitle '  itemprop=\"headline\"  role='tab' tabindex='0' aria-controls='toggle-id-1'>Ausstellungsort<span class=\"toggle_icon\"><span class=\"vert_icon\"><\/span><span class=\"hor_icon\"><\/span><\/span><\/p><div id='toggle-id-1' class='toggle_wrap  active_tc' style='display:block;' ><div class='toggle_content invers-color '  itemprop=\"text\" ><h3 class=\"et_pb_slide_title\">Stadtarchiv Halle<\/h3>\n<div class=\"iconDataList\"><span class=\"bm_details_overlay\" data-detailsoverlay=\"{\"centerLatitude\":51.48283004760742,\"centerLongitude\":11.971452713012695,\"zoom\":16,\"localDetailsState\":{\"entityType\":\"Business\",\"launchOverflowTaskOnTaskActivate\":false,\"query\":\"Stadtarchiv Halle (Saale)\",\"id\":\"ypid:YN6740x15925580824328960400\",\"disableComputingMapViewForLoadingOnly\":true}}\">Rathausstr. 1 \u00b7 06108 Halle (Saale)<\/span><\/div>\n<p><a title=\"Stadtarchiv\" href=\"http:\/\/www.halle.de\/de\/Kultur\/Stadtgeschichte\/Stadtarchiv\/index.aspx\" target=\"_blank\" rel=\"noopener noreferrer\">http:\/\/www.halle.de\/de\/Kultur\/Stadtgeschichte\/Stadtarchiv\/index.aspx<\/a><\/p>\n<\/div><\/div><\/div><\/section>\n<\/div><br \/>\n<div  class='hr av-99iu75-7e97dcb6508c30ee8ac66035d683c7f0 hr-default  avia-builder-el-5  el_after_av_toggle_container  avia-builder-el-last '><span class='hr-inner '><span class=\"hr-inner-style\"><\/span><\/span><\/div><\/p><\/div><div  class='hr av-rsr29-79990b925a212217e6f2dfc7f1ff97ee hr-default  avia-builder-el-6  el_after_av_one_third  el_before_av_textblock '><span class='hr-inner '><span class=\"hr-inner-style\"><\/span><\/span><\/div><\/p>\n<section  class='av_textblock_section av-kaia35w5-2f5a60c7ebadefbe5c68c52aa73848c5'  itemscope=\"itemscope\" itemtype=\"https:\/\/schema.org\/BlogPosting\" itemprop=\"blogPost\" ><div class='avia_textblock'  itemprop=\"text\" ><h3>Die Motive im Detail<\/h3>\n<\/div><\/section>\n<div  class='hr av-5c6bgx-140c26123aea20827b30804617e02203 hr-default  avia-builder-el-8  el_after_av_textblock  el_before_av_one_full '><span class='hr-inner '><span class=\"hr-inner-style\"><\/span><\/span><\/div>\n\n<style type=\"text\/css\" data-created_by=\"avia_inline_auto\" id=\"style-css-av-4hp50h-d449cdb85145bb46582ee3febeeca51c\">\n.flex_column.av-4hp50h-d449cdb85145bb46582ee3febeeca51c{\n-webkit-border-radius:0px 0px 0px 0px;\n-moz-border-radius:0px 0px 0px 0px;\nborder-radius:0px 0px 0px 0px;\n}\n<\/style>\n<div class='flex_column av-4hp50h-d449cdb85145bb46582ee3febeeca51c av_one_full  avia-builder-el-9  el_after_av_hr  el_before_av_hr  first flex_column_div av-zero-column-padding '     ><div id='schad' class='av-masonry av-kai9ukjh-3b6faca0627388cad494f5af14e552d2 noHover av-fixed-size av-large-gap av-hover-overlay-grayscale av-masonry-animation-active av-masonry-col-flexible av-caption-always av-caption-style- av-masonry-entries '><div class=\"av-masonry-container isotope av-js-disabled\"><div class='av-masonry-entry isotope-item av-masonry-item-no-image all_sort ausstellung-2021_sort  halle-a-d-saale_sort  stadtarchiv_sort  allgemein_sort  ausstellung-2019_sort  uni_sort  marktschloesschen_sort '><\/div><a href=\"https:\/\/tomil.de\/fotoshopwp\/pauluskirche\/\"  id='av-masonry-1-item-1521' data-av-masonry-item='1521' class='av-masonry-entry isotope-item post-1521 post type-post status-publish format-standard has-post-thumbnail hentry category-ausstellung-2021 category-halle-a-d-saale category-stadtarchiv tag-ar all_sort ausstellung-2021_sort  halle-a-d-saale_sort  stadtarchiv_sort  av-masonry-item-with-image av-grid-img' title=\"Riehm 180 DSC_7366-Bearbeitet\"   itemscope=\"itemscope\" itemtype=\"https:\/\/schema.org\/BlogPosting\" itemprop=\"blogPost\" ><div class='av-inner-masonry-sizer'><\/div><figure class='av-inner-masonry main_color'><div class=\"av-masonry-outerimage-container\"><div class='av-masonry-image-container' style=\"background-image: url(https:\/\/tomil.de\/fotoshopwp\/wp-content\/uploads\/2021\/09\/Riehm-180-DSC_7366-Bearbeitet-705x514.jpg);\"  title=\"Riehm 180 DSC_7366-Bearbeitet\"  ><\/div><\/div><\/figure><\/a><!--end av-masonry entry--><a href=\"https:\/\/tomil.de\/fotoshopwp\/reileck-2\/\"  id='av-masonry-1-item-1505' data-av-masonry-item='1505' class='av-masonry-entry isotope-item post-1505 post type-post status-publish format-standard has-post-thumbnail hentry category-allgemein category-ausstellung-2021 category-halle-a-d-saale category-stadtarchiv tag-ar all_sort allgemein_sort  ausstellung-2021_sort  halle-a-d-saale_sort  stadtarchiv_sort  av-masonry-item-with-image av-grid-img' title=\"Riehm 133_DSC_7187 Master\"   itemscope=\"itemscope\" itemtype=\"https:\/\/schema.org\/BlogPosting\" itemprop=\"blogPost\" ><div class='av-inner-masonry-sizer'><\/div><figure class='av-inner-masonry main_color'><div class=\"av-masonry-outerimage-container\"><div class='av-masonry-image-container' style=\"background-image: url(https:\/\/tomil.de\/fotoshopwp\/wp-content\/uploads\/2021\/09\/Riehm-133_DSC_7187-Master-705x520.jpg);\"  title=\"Riehm 133_DSC_7187 Master\"  ><\/div><\/div><\/figure><\/a><!--end av-masonry entry--><a href=\"https:\/\/tomil.de\/fotoshopwp\/wohnhaus-und-atelier-von-fritz-moeller\/\"  id='av-masonry-1-item-1519' data-av-masonry-item='1519' class='av-masonry-entry isotope-item post-1519 post type-post status-publish format-standard has-post-thumbnail hentry category-ausstellung-2021 category-halle-a-d-saale category-stadtarchiv tag-ar all_sort ausstellung-2021_sort  halle-a-d-saale_sort  stadtarchiv_sort  av-masonry-item-with-image av-grid-img' title=\"M\u00f6ll M\u00f6llerhaus 50481\"   itemscope=\"itemscope\" itemtype=\"https:\/\/schema.org\/BlogPosting\" itemprop=\"blogPost\" ><div class='av-inner-masonry-sizer'><\/div><figure class='av-inner-masonry main_color'><div class=\"av-masonry-outerimage-container\"><div class='av-masonry-image-container' style=\"background-image: url(https:\/\/tomil.de\/fotoshopwp\/wp-content\/uploads\/2021\/09\/M\u00f6ll-M\u00f6llerhaus-50481-1-477x705.jpg);\"  title=\"M\u00f6ll M\u00f6llerhaus 50481\"  ><\/div><\/div><\/figure><\/a><!--end av-masonry entry--><a href=\"https:\/\/tomil.de\/fotoshopwp\/moritzburg-mit-burggraben\/\"  id='av-masonry-1-item-1516' data-av-masonry-item='1516' class='av-masonry-entry isotope-item post-1516 post type-post status-publish format-standard has-post-thumbnail hentry category-ausstellung-2021 category-halle-a-d-saale category-stadtarchiv tag-ar all_sort ausstellung-2021_sort  halle-a-d-saale_sort  stadtarchiv_sort  av-masonry-item-with-image av-grid-img' title=\"Riehm 245 DSC_5773-Bearbeitet\"   itemscope=\"itemscope\" itemtype=\"https:\/\/schema.org\/BlogPosting\" itemprop=\"blogPost\" ><div class='av-inner-masonry-sizer'><\/div><figure class='av-inner-masonry main_color'><div class=\"av-masonry-outerimage-container\"><div class='av-masonry-image-container' style=\"background-image: url(https:\/\/tomil.de\/fotoshopwp\/wp-content\/uploads\/2021\/09\/Riehm-245-DSC_5773-Bearbeitet-705x469.jpg);\"  title=\"Riehm 245 DSC_5773-Bearbeitet\"  ><\/div><\/div><\/figure><\/a><!--end av-masonry entry--><a href=\"https:\/\/tomil.de\/fotoshopwp\/aich-und-waageamt\/\"  id='av-masonry-1-item-1552' data-av-masonry-item='1552' class='av-masonry-entry isotope-item post-1552 post type-post status-publish format-standard has-post-thumbnail hentry category-ausstellung-2021 category-halle-a-d-saale category-stadtarchiv tag-ar all_sort ausstellung-2021_sort  halle-a-d-saale_sort  stadtarchiv_sort  av-masonry-item-with-image av-grid-img' title=\"_TM51009-Bearbeitet\"   itemscope=\"itemscope\" itemtype=\"https:\/\/schema.org\/BlogPosting\" itemprop=\"blogPost\" ><div class='av-inner-masonry-sizer'><\/div><figure class='av-inner-masonry main_color'><div class=\"av-masonry-outerimage-container\"><div class='av-masonry-image-container' style=\"background-image: url(https:\/\/tomil.de\/fotoshopwp\/wp-content\/uploads\/2021\/09\/TM51009-Bearbeitet-705x529.jpg);\"  title=\"_TM51009-Bearbeitet\"  ><\/div><\/div><\/figure><\/a><!--end av-masonry entry--><a href=\"https:\/\/tomil.de\/fotoshopwp\/hauptpost\/\"  id='av-masonry-1-item-1541' data-av-masonry-item='1541' class='av-masonry-entry isotope-item post-1541 post type-post status-publish format-standard has-post-thumbnail hentry category-ausstellung-2021 category-halle-a-d-saale category-stadtarchiv tag-ar tag-moeller all_sort ausstellung-2021_sort  halle-a-d-saale_sort  stadtarchiv_sort  av-masonry-item-with-image av-grid-img' title=\"M\u00f6ll Post DSC_2451 angepasst1\"   itemscope=\"itemscope\" itemtype=\"https:\/\/schema.org\/BlogPosting\" itemprop=\"blogPost\" ><div class='av-inner-masonry-sizer'><\/div><figure class='av-inner-masonry main_color'><div class=\"av-masonry-outerimage-container\"><div class='av-masonry-image-container' style=\"background-image: url(https:\/\/tomil.de\/fotoshopwp\/wp-content\/uploads\/2021\/09\/M\u00f6ll-Post-DSC_2451-angepasst1-705x472.jpg);\"  title=\"M\u00f6ll Post DSC_2451 angepasst1\"  ><\/div><\/div><\/figure><\/a><!--end av-masonry entry--><a href=\"https:\/\/tomil.de\/fotoshopwp\/leopoldina\/\"  id='av-masonry-1-item-1543' data-av-masonry-item='1543' class='av-masonry-entry isotope-item post-1543 post type-post status-publish format-standard has-post-thumbnail hentry category-ausstellung-2021 category-halle-a-d-saale category-stadtarchiv tag-ar all_sort ausstellung-2021_sort  halle-a-d-saale_sort  stadtarchiv_sort  av-masonry-item-with-image av-grid-img' title=\"M\u00f6ll 463_zusammengef\u00fchrt\"   itemscope=\"itemscope\" itemtype=\"https:\/\/schema.org\/BlogPosting\" itemprop=\"blogPost\" ><div class='av-inner-masonry-sizer'><\/div><figure class='av-inner-masonry main_color'><div class=\"av-masonry-outerimage-container\"><div class='av-masonry-image-container' style=\"background-image: url(https:\/\/tomil.de\/fotoshopwp\/wp-content\/uploads\/2021\/09\/M\u00f6ll-463_zusammengef\u00fchrt-705x470.jpg);\"  title=\"M\u00f6ll 463_zusammengef\u00fchrt\"  ><\/div><\/div><\/figure><\/a><!--end av-masonry entry--><a href=\"https:\/\/tomil.de\/fotoshopwp\/leipziger-turm-mit-stadttor\/\"  id='av-masonry-1-item-777' data-av-masonry-item='777' class='av-masonry-entry isotope-item post-777 post type-post status-publish format-standard has-post-thumbnail hentry category-ausstellung-2019 category-ausstellung-2021 category-halle-a-d-saale category-stadtarchiv category-uni tag-ar tag-moeller tag-portrait all_sort ausstellung-2019_sort  ausstellung-2021_sort  halle-a-d-saale_sort  stadtarchiv_sort  uni_sort  av-masonry-item-with-image av-portrait-img' title=\"Leipziger Turm mit Stadttor &#8211; Leipziger Stra\u00dfe, Ecke Hansering\"   itemscope=\"itemscope\" itemtype=\"https:\/\/schema.org\/BlogPosting\" itemprop=\"blogPost\" ><div class='av-inner-masonry-sizer'><\/div><figure class='av-inner-masonry main_color'><div class=\"av-masonry-outerimage-container\"><div class='av-masonry-image-container' style=\"background-image: url(https:\/\/tomil.de\/fotoshopwp\/wp-content\/uploads\/2019\/10\/M\u00f6ll-291-Bearbeitet-478x705.jpg);\"  title=\"Leipziger Turm mit Stadttor &#8211; Leipziger Stra\u00dfe, Ecke Hansering\"  ><\/div><\/div><\/figure><\/a><!--end av-masonry entry--><a href=\"https:\/\/tomil.de\/fotoshopwp\/marktschloesschen\/\"  id='av-masonry-1-item-649' data-av-masonry-item='649' class='av-masonry-entry isotope-item post-649 post type-post status-publish format-standard has-post-thumbnail hentry category-ausstellung-2019 category-ausstellung-2021 category-halle-a-d-saale category-marktschloesschen category-stadtarchiv category-uni tag-ar tag-marktschloesschen tag-moell-27 tag-moeller all_sort ausstellung-2019_sort  ausstellung-2021_sort  halle-a-d-saale_sort  marktschloesschen_sort  stadtarchiv_sort  uni_sort  av-masonry-item-with-image av-grid-img' title=\"Marktschl\u00f6\u00dfchen &#8211; Marktplatz 13\"   itemscope=\"itemscope\" itemtype=\"https:\/\/schema.org\/BlogPosting\" itemprop=\"blogPost\" ><div class='av-inner-masonry-sizer'><\/div><figure class='av-inner-masonry main_color'><div class=\"av-masonry-outerimage-container\"><div class='av-masonry-image-container' style=\"background-image: url(https:\/\/tomil.de\/fotoshopwp\/wp-content\/uploads\/2019\/10\/M\u00f6ll-27-bearbeitet-705x488.jpg);\"  title=\"Marktschl\u00f6\u00dfchen &#8211; Marktplatz 13\"  ><\/div><\/div><\/figure><\/a><!--end av-masonry entry--><a href=\"https:\/\/tomil.de\/fotoshopwp\/giebichensteinbruecke\/\"  id='av-masonry-1-item-784' data-av-masonry-item='784' class='av-masonry-entry isotope-item post-784 post type-post status-publish format-standard has-post-thumbnail hentry category-ausstellung-2019 category-ausstellung-2021 category-halle-a-d-saale category-stadtarchiv category-uni tag-ar tag-landscape tag-moeller all_sort ausstellung-2019_sort  ausstellung-2021_sort  halle-a-d-saale_sort  stadtarchiv_sort  uni_sort  av-masonry-item-with-image av-landscape-img' title=\"Giebichensteinbr\u00fccke &#8211; Kr\u00f6llwitzer Stra\u00dfe\"   itemscope=\"itemscope\" itemtype=\"https:\/\/schema.org\/BlogPosting\" itemprop=\"blogPost\" ><div class='av-inner-masonry-sizer'><\/div><figure class='av-inner-masonry main_color'><div class=\"av-masonry-outerimage-container\"><div class='av-masonry-image-container' style=\"background-image: url(https:\/\/tomil.de\/fotoshopwp\/wp-content\/uploads\/2019\/10\/M\u00f6ll-504-Bearbeitet1-705x494.jpg);\"  title=\"Giebichensteinbr\u00fccke &#8211; Kr\u00f6llwitzer Stra\u00dfe\"  ><\/div><\/div><\/figure><\/a><!--end av-masonry entry--><a href=\"https:\/\/tomil.de\/fotoshopwp\/ludwig-wucherer-strasse\/\"  id='av-masonry-1-item-1559' data-av-masonry-item='1559' class='av-masonry-entry isotope-item post-1559 post type-post status-publish format-standard has-post-thumbnail hentry category-allgemein category-ausstellung-2021 category-halle-a-d-saale category-stadtarchiv tag-ar all_sort allgemein_sort  ausstellung-2021_sort  halle-a-d-saale_sort  stadtarchiv_sort  av-masonry-item-with-image av-grid-img' title=\"_TM51047-Bearbeitet\"   itemscope=\"itemscope\" itemtype=\"https:\/\/schema.org\/BlogPosting\" itemprop=\"blogPost\" ><div class='av-inner-masonry-sizer'><\/div><figure class='av-inner-masonry main_color'><div class=\"av-masonry-outerimage-container\"><div class='av-masonry-image-container' style=\"background-image: url(https:\/\/tomil.de\/fotoshopwp\/wp-content\/uploads\/2021\/09\/TM51047-Bearbeitet-705x529.jpg);\"  title=\"_TM51047-Bearbeitet\"  ><\/div><\/div><\/figure><\/a><!--end av-masonry entry--><a href=\"https:\/\/tomil.de\/fotoshopwp\/roter-turm-mit-marienkirche\/\"  id='av-masonry-1-item-1545' data-av-masonry-item='1545' class='av-masonry-entry isotope-item post-1545 post type-post status-publish format-standard has-post-thumbnail hentry category-ausstellung-2021 category-halle-a-d-saale category-stadtarchiv tag-ar all_sort ausstellung-2021_sort  halle-a-d-saale_sort  stadtarchiv_sort  av-masonry-item-with-image av-grid-img' title=\"M\u00f6ll F_482 DJI_0798\"   itemscope=\"itemscope\" itemtype=\"https:\/\/schema.org\/BlogPosting\" itemprop=\"blogPost\" ><div class='av-inner-masonry-sizer'><\/div><figure class='av-inner-masonry main_color'><div class=\"av-masonry-outerimage-container\"><div class='av-masonry-image-container' style=\"background-image: url(https:\/\/tomil.de\/fotoshopwp\/wp-content\/uploads\/2021\/09\/M\u00f6ll-F_482-DJI_0798-705x511.jpg);\"  title=\"M\u00f6ll F_482 DJI_0798\"  ><\/div><\/div><\/figure><\/a><!--end av-masonry entry--><a href=\"https:\/\/tomil.de\/fotoshopwp\/altes-rathaus\/\"  id='av-masonry-1-item-1535' data-av-masonry-item='1535' class='av-masonry-entry isotope-item post-1535 post type-post status-publish format-standard has-post-thumbnail hentry category-allgemein category-ausstellung-2021 category-halle-a-d-saale category-stadtarchiv tag-ar all_sort allgemein_sort  ausstellung-2021_sort  halle-a-d-saale_sort  stadtarchiv_sort  av-masonry-item-with-image av-grid-img' title=\"Altes Rathaus DJI 0822\"   itemscope=\"itemscope\" itemtype=\"https:\/\/schema.org\/BlogPosting\" itemprop=\"blogPost\" ><div class='av-inner-masonry-sizer'><\/div><figure class='av-inner-masonry main_color'><div class=\"av-masonry-outerimage-container\"><div class='av-masonry-image-container' style=\"background-image: url(https:\/\/tomil.de\/fotoshopwp\/wp-content\/uploads\/2021\/09\/Altes-Rathaus-DJI-0822-705x488.jpg);\"  title=\"Altes Rathaus DJI 0822\"  ><\/div><\/div><\/figure><\/a><!--end av-masonry entry--><a href=\"https:\/\/tomil.de\/fotoshopwp\/oper-halle\/\"  id='av-masonry-1-item-787' data-av-masonry-item='787' class='av-masonry-entry isotope-item post-787 post type-post status-publish format-standard has-post-thumbnail hentry category-ausstellung-2019 category-ausstellung-2021 category-halle-a-d-saale category-stadtarchiv category-uni tag-ar tag-moeller all_sort ausstellung-2019_sort  ausstellung-2021_sort  halle-a-d-saale_sort  stadtarchiv_sort  uni_sort  av-masonry-item-with-image av-grid-img' title=\"Oper Halle &#8211; Universit\u00e4tsring 24\"   itemscope=\"itemscope\" itemtype=\"https:\/\/schema.org\/BlogPosting\" itemprop=\"blogPost\" ><div class='av-inner-masonry-sizer'><\/div><figure class='av-inner-masonry main_color'><div class=\"av-masonry-outerimage-container\"><div class='av-masonry-image-container' style=\"background-image: url(https:\/\/tomil.de\/fotoshopwp\/wp-content\/uploads\/2019\/10\/M\u00f6ller022-705x518.jpg);\"  title=\"Oper Halle &#8211; Universit\u00e4tsring 24\"  ><\/div><\/div><\/figure><\/a><!--end av-masonry entry--><a href=\"https:\/\/tomil.de\/fotoshopwp\/alter-markt-mit-michaeliskapelle\/\"  id='av-masonry-1-item-1512' data-av-masonry-item='1512' class='av-masonry-entry isotope-item post-1512 post type-post status-publish format-standard has-post-thumbnail hentry category-ausstellung-2021 category-halle-a-d-saale category-stadtarchiv tag-ar tag-riehm all_sort ausstellung-2021_sort  halle-a-d-saale_sort  stadtarchiv_sort  av-masonry-item-with-image av-grid-img' title=\"Riehm 190-237zusammengef\u00fchrt\"   itemscope=\"itemscope\" itemtype=\"https:\/\/schema.org\/BlogPosting\" itemprop=\"blogPost\" ><div class='av-inner-masonry-sizer'><\/div><figure class='av-inner-masonry main_color'><div class=\"av-masonry-outerimage-container\"><div class='av-masonry-image-container' style=\"background-image: url(https:\/\/tomil.de\/fotoshopwp\/wp-content\/uploads\/2021\/09\/Riehm-190-237zusammengef\u00fchrt-705x496.jpg);\"  title=\"Riehm 190-237zusammengef\u00fchrt\"  ><\/div><\/div><\/figure><\/a><!--end av-masonry entry--><a href=\"https:\/\/tomil.de\/fotoshopwp\/alte-promenade-mit-oper\/\"  id='av-masonry-1-item-1548' data-av-masonry-item='1548' class='av-masonry-entry isotope-item post-1548 post type-post status-publish format-standard has-post-thumbnail hentry category-ausstellung-2021 category-halle-a-d-saale category-stadtarchiv tag-ar all_sort ausstellung-2021_sort  halle-a-d-saale_sort  stadtarchiv_sort  av-masonry-item-with-image av-grid-img' title=\"M\u00f6ll_Oper von Post o73 TM50967-Verbessert\"   itemscope=\"itemscope\" itemtype=\"https:\/\/schema.org\/BlogPosting\" itemprop=\"blogPost\" ><div class='av-inner-masonry-sizer'><\/div><figure class='av-inner-masonry main_color'><div class=\"av-masonry-outerimage-container\"><div class='av-masonry-image-container' style=\"background-image: url(https:\/\/tomil.de\/fotoshopwp\/wp-content\/uploads\/2021\/09\/M\u00f6ll_Oper-von-Post-o73-TM50967-Verbessert-705x529.jpg);\"  title=\"M\u00f6ll_Oper von Post o73 TM50967-Verbessert\"  ><\/div><\/div><\/figure><\/a><!--end av-masonry entry--><a href=\"https:\/\/tomil.de\/fotoshopwp\/dom-zu-halle\/\"  id='av-masonry-1-item-1557' data-av-masonry-item='1557' class='av-masonry-entry isotope-item post-1557 post type-post status-publish format-standard has-post-thumbnail hentry category-ausstellung-2021 category-halle-a-d-saale category-stadtarchiv tag-ar all_sort ausstellung-2021_sort  halle-a-d-saale_sort  stadtarchiv_sort  av-masonry-item-with-image av-grid-img' title=\"riehm 117 zusammengef\u00fchrt\"   itemscope=\"itemscope\" itemtype=\"https:\/\/schema.org\/BlogPosting\" itemprop=\"blogPost\" ><div class='av-inner-masonry-sizer'><\/div><figure class='av-inner-masonry main_color'><div class=\"av-masonry-outerimage-container\"><div class='av-masonry-image-container' style=\"background-image: url(https:\/\/tomil.de\/fotoshopwp\/wp-content\/uploads\/2021\/09\/riehm-117-zusammengef\u00fchrt-705x470.jpg);\"  title=\"riehm 117 zusammengef\u00fchrt\"  ><\/div><\/div><\/figure><\/a><!--end av-masonry entry--><\/div><\/div><\/div><div  class='hr av-1zj95t-1e8ee6f5fdc8a7ff07295afb516db491 hr-default  avia-builder-el-11  el_after_av_one_full  avia-builder-el-last '><span class='hr-inner '><span class=\"hr-inner-style\"><\/span><\/span><\/div><\/p>\n ","protected":false},"excerpt":{"rendered":"","protected":false},"author":1,"featured_media":0,"comment_status":"open","ping_status":"open","sticky":false,"template":"","format":"standard","meta":{"jetpack_post_was_ever_published":false,"_jetpack_newsletter_access":"","_jetpack_dont_email_post_to_subs":false,"_jetpack_newsletter_tier_id":0,"footnotes":"","jetpack_publicize_message":"","jetpack_publicize_feature_enabled":true,"jetpack_social_post_already_shared":true,"jetpack_social_options":{"image_generator_settings":{"template":"highway","enabled":false}}},"categories":[1],"tags":[],"jetpack_publicize_connections":[],"aioseo_notices":[],"jetpack_sharing_enabled":true,"jetpack_featured_media_url":"","jetpack_shortlink":"https:\/\/wp.me\/pb03Dh-pd","_links":{"self":[{"href":"https:\/\/tomil.de\/fotoshopwp\/wp-json\/wp\/v2\/posts\/1563"}],"collection":[{"href":"https:\/\/tomil.de\/fotoshopwp\/wp-json\/wp\/v2\/posts"}],"about":[{"href":"https:\/\/tomil.de\/fotoshopwp\/wp-json\/wp\/v2\/types\/post"}],"author":[{"embeddable":true,"href":"https:\/\/tomil.de\/fotoshopwp\/wp-json\/wp\/v2\/users\/1"}],"replies":[{"embeddable":true,"href":"https:\/\/tomil.de\/fotoshopwp\/wp-json\/wp\/v2\/comments?post=1563"}],"version-history":[{"count":7,"href":"https:\/\/tomil.de\/fotoshopwp\/wp-json\/wp\/v2\/posts\/1563\/revisions"}],"predecessor-version":[{"id":1579,"href":"https:\/\/tomil.de\/fotoshopwp\/wp-json\/wp\/v2\/posts\/1563\/revisions\/1579"}],"wp:attachment":[{"href":"https:\/\/tomil.de\/fotoshopwp\/wp-json\/wp\/v2\/media?parent=1563"}],"wp:term":[{"taxonomy":"category","embeddable":true,"href":"https:\/\/tomil.de\/fotoshopwp\/wp-json\/wp\/v2\/categories?post=1563"},{"taxonomy":"post_tag","embeddable":true,"href":"https:\/\/tomil.de\/fotoshopwp\/wp-json\/wp\/v2\/tags?post=1563"}],"curies":[{"name":"wp","href":"https:\/\/api.w.org\/{rel}","templated":true}]}}