{"id":1721,"date":"2022-07-06T15:08:28","date_gmt":"2022-07-06T13:08:28","guid":{"rendered":"https:\/\/tomil.de\/fotoshopwp\/?p=1721"},"modified":"2024-01-16T15:37:46","modified_gmt":"2024-01-16T14:37:46","slug":"1721-2","status":"publish","type":"post","link":"https:\/\/tomil.de\/fotoshopwp\/1721-2\/","title":{"rendered":"Zum Domplatz hinauf An der Peterstreppe"},"content":{"rendered":"\n<style type=\"text\/css\" data-created_by=\"avia_inline_auto\" id=\"style-css-av-5kreih-587c7e87c0dbd9bc7c58f7ade594f868\">\n.flex_column.av-5kreih-587c7e87c0dbd9bc7c58f7ade594f868{\n-webkit-border-radius:0px 0px 0px 0px;\n-moz-border-radius:0px 0px 0px 0px;\nborder-radius:0px 0px 0px 0px;\n}\n<\/style>\n<div class='flex_column av-5kreih-587c7e87c0dbd9bc7c58f7ade594f868 av_two_third  avia-builder-el-0  el_before_av_one_third  avia-builder-el-first  first flex_column_div av-zero-column-padding '     ><style type=\"text\/css\" data-created_by=\"avia_inline_auto\" id=\"style-css-av-l59m40vb-85b0c47adea087429f223a942ef44827\">\n.avia-image-container.av-l59m40vb-85b0c47adea087429f223a942ef44827 img.avia_image{\nbox-shadow:none;\n}\n.avia-image-container.av-l59m40vb-85b0c47adea087429f223a942ef44827 .av-image-caption-overlay-center{\ncolor:#ffffff;\n}\n<\/style>\n<div  class='avia-image-container av-l59m40vb-85b0c47adea087429f223a942ef44827 av-styling- avia-align-left  avia-builder-el-1  avia-builder-el-no-sibling '   itemprop=\"image\" itemscope=\"itemscope\" itemtype=\"https:\/\/schema.org\/ImageObject\" ><div class=\"avia-image-container-inner\"><div class=\"avia-image-overlay-wrap\"><img decoding=\"async\" class='wp-image-1715 avia-img-lazy-loading-not-1715 avia_image ' src=\"https:\/\/tomil.de\/fotoshopwp\/wp-content\/uploads\/2022\/07\/Zeitspruenge-HBS-Peterstreppe.jpg\" alt='' title='Zeitspr\u00fcnge HBS Peterstreppe'  height=\"960\" width=\"1440\"  itemprop=\"thumbnailUrl\" srcset=\"https:\/\/tomil.de\/fotoshopwp\/wp-content\/uploads\/2022\/07\/Zeitspruenge-HBS-Peterstreppe.jpg 1440w, https:\/\/tomil.de\/fotoshopwp\/wp-content\/uploads\/2022\/07\/Zeitspruenge-HBS-Peterstreppe-300x200.jpg 300w, https:\/\/tomil.de\/fotoshopwp\/wp-content\/uploads\/2022\/07\/Zeitspruenge-HBS-Peterstreppe-1030x687.jpg 1030w, https:\/\/tomil.de\/fotoshopwp\/wp-content\/uploads\/2022\/07\/Zeitspruenge-HBS-Peterstreppe-705x470.jpg 705w, https:\/\/tomil.de\/fotoshopwp\/wp-content\/uploads\/2022\/07\/Zeitspruenge-HBS-Peterstreppe-600x400.jpg 600w\" sizes=\"(max-width: 1440px) 100vw, 1440px\" \/><\/div><\/div><\/div><\/div>\n<style type=\"text\/css\" data-created_by=\"avia_inline_auto\" id=\"style-css-av-3p09vd-1d1c62bcb6c0bac07ca021dd69d86107\">\n.flex_column.av-3p09vd-1d1c62bcb6c0bac07ca021dd69d86107{\n-webkit-border-radius:0px 0px 0px 0px;\n-moz-border-radius:0px 0px 0px 0px;\nborder-radius:0px 0px 0px 0px;\n}\n<\/style>\n<div class='flex_column av-3p09vd-1d1c62bcb6c0bac07ca021dd69d86107 av_one_third  avia-builder-el-2  el_after_av_two_third  el_before_av_one_full  flex_column_div av-zero-column-padding '     ><section  class='av_textblock_section av-l59m3li7-e783a4514eae36b5ae1d3a2ab3a5c433'  itemscope=\"itemscope\" itemtype=\"https:\/\/schema.org\/BlogPosting\" itemprop=\"blogPost\" ><div class='avia_textblock'  itemprop=\"text\" ><p><strong>Motivinformationen<\/strong><\/p>\n<p><strong>Titel:\u00a0<\/strong>\u00a0<span class=\"fontstyle0\"> Zum Domplatz hinauf &#8211; An der Peterstreppe<\/p>\n<p><\/span><\/p>\n<p>Historische Aufnahme um 1910<span class=\"fontstyle1\"><br \/>\n<span class=\"fontstyle0\">Glaspositiv, Inventar-Nr.: FP 00881<\/span><br \/>\n<\/span><\/p>\n<p>St\u00e4dtisches Museum Halberstadt<\/p>\n<p>eigene Aufnahme: 2021<\/p>\n<p><strong>Gr\u00f6\u00dfe des Druckes:<\/strong> 60&#215;40 cm<\/p>\n<p><strong>Rahmung:<\/strong><\/p>\n<ul>\n<li>Nielsen C2 Alu strukturiert schwarz-matt<\/li>\n<li>Format 71 x 56 cm<\/li>\n<li>Glas entspiegelt! und mit UV-Schutz<\/li>\n<\/ul>\n<p><strong>Dieses Bild enth\u00e4lt Augmented Reality.<\/strong><\/p>\n<\/div><\/section><\/div>\n<style type=\"text\/css\" data-created_by=\"avia_inline_auto\" id=\"style-css-av-2pjp2x-14d567f2d013933a9ec79585b6bdcd47\">\n.flex_column.av-2pjp2x-14d567f2d013933a9ec79585b6bdcd47{\n-webkit-border-radius:0px 0px 0px 0px;\n-moz-border-radius:0px 0px 0px 0px;\nborder-radius:0px 0px 0px 0px;\n}\n<\/style>\n<div class='flex_column av-2pjp2x-14d567f2d013933a9ec79585b6bdcd47 av_one_full  avia-builder-el-4  el_after_av_one_third  avia-builder-el-last  first flex_column_div av-zero-column-padding column-top-margin'     ><style type=\"text\/css\" data-created_by=\"avia_inline_auto\" id=\"style-css-av-l59m84ax-acf00613ae986b7c9bd79c3122c374a3\">\n#top .av_textblock_section.av-l59m84ax-acf00613ae986b7c9bd79c3122c374a3 .avia_textblock{\n-webkit-column-count:3;\n-moz-column-count:3;\ncolumn-count:3;\n}\n<\/style>\n<section  class='av_textblock_section av-l59m84ax-acf00613ae986b7c9bd79c3122c374a3'  itemscope=\"itemscope\" itemtype=\"https:\/\/schema.org\/BlogPosting\" itemprop=\"blogPost\" ><div class='avia_textblock av_multi_colums'  itemprop=\"text\" ><p><span class=\"fontstyle0\">\u00a0<strong>Peterstreppe<\/strong>, <\/span><\/p>\n<p><span class=\"fontstyle0\">Blick auf D\u00fcsterngraben<br \/>\nund An der Peterstreppe sowie<br \/>\n<\/span><span class=\"fontstyle0\">Bakenstra\u00dfe 37 (\u201eKlein Venedig\u201c)<\/p>\n<p><\/span><span class=\"fontstyle0\">Die dreil\u00e4ufige Peterstreppe wurde im Jahr 1278 als \u201egradus St. Petri\u201c erstmals urkundlich erw\u00e4hnt. Sie verdankt ihren Namen der Bischofsresidenz mit seiner Peterskapelle, dem sogenannten Petershof an der Westseite des Domplatzes, zu dem die Treppe von der Altstadt hinauff\u00fchrt.<br \/>\nUrspr\u00fcnglich f\u00fchrten f\u00fcnf Zug\u00e4nge in die Domburg, wie der Platz damals hie\u00df. Die Peterstreppe diente dabei als Verbindung zum bisch\u00f6flichen Vogteigebiet. In ihrem unteren Bereich befinden sich noch heute mit runden Torb\u00f6gen versehene Gew\u00f6lbe, die j\u00fcdische Kaufleute im 18. Jahrhundert als Gesch\u00e4fte und Lager nutzten.<br \/>\nVon der anfangs noch mit einem Tor versehenen Treppe gelangte man nach wenigen Schritten zum D\u00fcsterngraben an der Nordseite der Burganlage. Der Name dieser dunklen Stra\u00dfe ist seit dem 14. Jahrhundert belegt.<br \/>\nW\u00e4hrend ihre S\u00fcdseite ausschlie\u00dflich aus der Burgmauer bestand, reihten sich an der gegen\u00fcber liegenden Seite H\u00e4userzeilen dicht aneinander, die im 15. Jahrhundert \u00fcberwiegend von den Domvikaren bewohnt wurden. Durch die Stadtplanung w\u00e4hrend der DDR-Zeit verfielen die Fachwerkbauten und wurden in den 1990er Jahren abgerissen. Heute erstreckt sich dort ein gro\u00dffl\u00e4chiger Parkplatz.<br \/>\nZuvor, in den 1980er Jahren, war die alte und jahrzehntelang vernachl\u00e4ssigte Peterstreppe eingest\u00fcrzt. 1991 wurde die etwa 70 Meter lange Treppe im Rahmen der Modellstadtsanierung wiedererrichtet und f\u00fchrt nun wie fr\u00fcher zum Domplatz hinauf.<\/span><br \/>\n<br class=\"avia-permanent-lb\" \/><\/p>\n<\/div><\/section><\/div><\/p>\n ","protected":false},"excerpt":{"rendered":"","protected":false},"author":1,"featured_media":1715,"comment_status":"open","ping_status":"open","sticky":false,"template":"","format":"standard","meta":{"jetpack_post_was_ever_published":false,"_jetpack_newsletter_access":"","_jetpack_dont_email_post_to_subs":false,"_jetpack_newsletter_tier_id":0,"footnotes":"","jetpack_publicize_message":"","jetpack_publicize_feature_enabled":true,"jetpack_social_post_already_shared":true,"jetpack_social_options":{"image_generator_settings":{"template":"highway","enabled":false}}},"categories":[69,71,70],"tags":[73],"jetpack_publicize_connections":[],"aioseo_notices":[],"jetpack_sharing_enabled":true,"jetpack_featured_media_url":"https:\/\/tomil.de\/fotoshopwp\/wp-content\/uploads\/2022\/07\/Zeitspruenge-HBS-Peterstreppe.jpg","jetpack_shortlink":"https:\/\/wp.me\/pb03Dh-rL","_links":{"self":[{"href":"https:\/\/tomil.de\/fotoshopwp\/wp-json\/wp\/v2\/posts\/1721"}],"collection":[{"href":"https:\/\/tomil.de\/fotoshopwp\/wp-json\/wp\/v2\/posts"}],"about":[{"href":"https:\/\/tomil.de\/fotoshopwp\/wp-json\/wp\/v2\/types\/post"}],"author":[{"embeddable":true,"href":"https:\/\/tomil.de\/fotoshopwp\/wp-json\/wp\/v2\/users\/1"}],"replies":[{"embeddable":true,"href":"https:\/\/tomil.de\/fotoshopwp\/wp-json\/wp\/v2\/comments?post=1721"}],"version-history":[{"count":2,"href":"https:\/\/tomil.de\/fotoshopwp\/wp-json\/wp\/v2\/posts\/1721\/revisions"}],"predecessor-version":[{"id":1723,"href":"https:\/\/tomil.de\/fotoshopwp\/wp-json\/wp\/v2\/posts\/1721\/revisions\/1723"}],"wp:featuredmedia":[{"embeddable":true,"href":"https:\/\/tomil.de\/fotoshopwp\/wp-json\/wp\/v2\/media\/1715"}],"wp:attachment":[{"href":"https:\/\/tomil.de\/fotoshopwp\/wp-json\/wp\/v2\/media?parent=1721"}],"wp:term":[{"taxonomy":"category","embeddable":true,"href":"https:\/\/tomil.de\/fotoshopwp\/wp-json\/wp\/v2\/categories?post=1721"},{"taxonomy":"post_tag","embeddable":true,"href":"https:\/\/tomil.de\/fotoshopwp\/wp-json\/wp\/v2\/tags?post=1721"}],"curies":[{"name":"wp","href":"https:\/\/api.w.org\/{rel}","templated":true}]}}