{"id":1733,"date":"2022-07-06T15:54:24","date_gmt":"2022-07-06T13:54:24","guid":{"rendered":"https:\/\/tomil.de\/fotoshopwp\/?p=1733"},"modified":"2024-01-16T15:37:46","modified_gmt":"2024-01-16T14:37:46","slug":"grauer-hof-mit-blick-richtung-bakenstrasse","status":"publish","type":"post","link":"https:\/\/tomil.de\/fotoshopwp\/grauer-hof-mit-blick-richtung-bakenstrasse\/","title":{"rendered":"Grauer Hof mit Blick Richtung Bakenstra\u00dfe"},"content":{"rendered":"\n<style type=\"text\/css\" data-created_by=\"avia_inline_auto\" id=\"style-css-av-57a5dx-7221cc4c12ad38f62be69201b0de60b5\">\n.flex_column.av-57a5dx-7221cc4c12ad38f62be69201b0de60b5{\n-webkit-border-radius:0px 0px 0px 0px;\n-moz-border-radius:0px 0px 0px 0px;\nborder-radius:0px 0px 0px 0px;\n}\n<\/style>\n<div class='flex_column av-57a5dx-7221cc4c12ad38f62be69201b0de60b5 av_two_third  avia-builder-el-0  el_before_av_one_third  avia-builder-el-first  first flex_column_div av-zero-column-padding '     ><style type=\"text\/css\" data-created_by=\"avia_inline_auto\" id=\"style-css-av-l59ns9c8-3b00de9816ff3b50d4992531159da6d5\">\n.avia-image-container.av-l59ns9c8-3b00de9816ff3b50d4992531159da6d5 img.avia_image{\nbox-shadow:none;\n}\n.avia-image-container.av-l59ns9c8-3b00de9816ff3b50d4992531159da6d5 .av-image-caption-overlay-center{\ncolor:#ffffff;\n}\n<\/style>\n<div  class='avia-image-container av-l59ns9c8-3b00de9816ff3b50d4992531159da6d5 av-styling- avia-align-left  avia-builder-el-1  avia-builder-el-no-sibling '   itemprop=\"image\" itemscope=\"itemscope\" itemtype=\"https:\/\/schema.org\/ImageObject\" ><div class=\"avia-image-container-inner\"><div class=\"avia-image-overlay-wrap\"><img decoding=\"async\" class='wp-image-1706 avia-img-lazy-loading-not-1706 avia_image ' src=\"https:\/\/tomil.de\/fotoshopwp\/wp-content\/uploads\/2022\/07\/Zeitspruenge-HBS-Grauer-Hof-24.jpg\" alt='' title='Zeitspr\u00fcnge HBS Grauer Hof 24'  height=\"960\" width=\"1440\"  itemprop=\"thumbnailUrl\" srcset=\"https:\/\/tomil.de\/fotoshopwp\/wp-content\/uploads\/2022\/07\/Zeitspruenge-HBS-Grauer-Hof-24.jpg 1440w, https:\/\/tomil.de\/fotoshopwp\/wp-content\/uploads\/2022\/07\/Zeitspruenge-HBS-Grauer-Hof-24-300x200.jpg 300w, https:\/\/tomil.de\/fotoshopwp\/wp-content\/uploads\/2022\/07\/Zeitspruenge-HBS-Grauer-Hof-24-1030x687.jpg 1030w, https:\/\/tomil.de\/fotoshopwp\/wp-content\/uploads\/2022\/07\/Zeitspruenge-HBS-Grauer-Hof-24-705x470.jpg 705w, https:\/\/tomil.de\/fotoshopwp\/wp-content\/uploads\/2022\/07\/Zeitspruenge-HBS-Grauer-Hof-24-600x400.jpg 600w\" sizes=\"(max-width: 1440px) 100vw, 1440px\" \/><\/div><\/div><\/div><\/div>\n<style type=\"text\/css\" data-created_by=\"avia_inline_auto\" id=\"style-css-av-43g90l-680f23814ff7b0c0d48d67f79b7b530e\">\n.flex_column.av-43g90l-680f23814ff7b0c0d48d67f79b7b530e{\n-webkit-border-radius:0px 0px 0px 0px;\n-moz-border-radius:0px 0px 0px 0px;\nborder-radius:0px 0px 0px 0px;\n}\n<\/style>\n<div class='flex_column av-43g90l-680f23814ff7b0c0d48d67f79b7b530e av_one_third  avia-builder-el-2  el_after_av_two_third  el_before_av_one_full  flex_column_div av-zero-column-padding '     ><section  class='av_textblock_section av-l59nryrc-85b8e3d66e7df5d805fa8b31108e03ff'  itemscope=\"itemscope\" itemtype=\"https:\/\/schema.org\/BlogPosting\" itemprop=\"blogPost\" ><div class='avia_textblock'  itemprop=\"text\" ><p><strong>Motivinformationen<\/strong><\/p>\n<p><strong>Titel:\u00a0<\/strong>\u00a0\u00a0<span class=\"fontstyle0\">Grauer Hof mit Blick Richtung<br \/>\nBakenstra\u00dfe<\/span><\/p>\n<p>Historische Aufnahme um 1910<span class=\"fontstyle1\"><br \/>\n<span class=\"fontstyle0\">Glasnegativ, Inventur-Nr.: FP 00421<\/span> <\/span><\/p>\n<p>St\u00e4dtisches Museum Halberstadt<\/p>\n<p>eigene Aufnahme: 2021<\/p>\n<p><strong>Gr\u00f6\u00dfe des Druckes:<\/strong> 60&#215;40 cm<\/p>\n<p><strong>Rahmung:<\/strong><\/p>\n<ul>\n<li>Nielsen C2 Alu strukturiert schwarz-matt<\/li>\n<li>Format 71 x 56 cm<\/li>\n<li>Glas entspiegelt! und mit UV-Schutz<\/li>\n<\/ul>\n<p><strong>Dieses Bild enth\u00e4lt Augmented Reality.<\/strong><\/p>\n<\/div><\/section><\/div>\n<style type=\"text\/css\" data-created_by=\"avia_inline_auto\" id=\"style-css-av-33oyf9-23c94aa1a7a2180d0863732175cd1761\">\n.flex_column.av-33oyf9-23c94aa1a7a2180d0863732175cd1761{\n-webkit-border-radius:0px 0px 0px 0px;\n-moz-border-radius:0px 0px 0px 0px;\nborder-radius:0px 0px 0px 0px;\n}\n<\/style>\n<div class='flex_column av-33oyf9-23c94aa1a7a2180d0863732175cd1761 av_one_full  avia-builder-el-4  el_after_av_one_third  avia-builder-el-last  first flex_column_div av-zero-column-padding column-top-margin'     ><style type=\"text\/css\" data-created_by=\"avia_inline_auto\" id=\"style-css-av-l59nvfuo-0271ba557182e40fc8fc12e1ada2adf1\">\n#top .av_textblock_section.av-l59nvfuo-0271ba557182e40fc8fc12e1ada2adf1 .avia_textblock{\n-webkit-column-count:3;\n-moz-column-count:3;\ncolumn-count:3;\n}\n<\/style>\n<section  class='av_textblock_section av-l59nvfuo-0271ba557182e40fc8fc12e1ada2adf1'  itemscope=\"itemscope\" itemtype=\"https:\/\/schema.org\/BlogPosting\" itemprop=\"blogPost\" ><div class='avia_textblock av_multi_colums'  itemprop=\"text\" ><p><span class=\"fontstyle0\"><strong>Von M\u00f6nchen, Grafen und<\/strong><br \/>\n<strong>altst\u00e4dtischem Leben<\/strong><br \/>\nVom Grauen Hof in Richtung Bakenstra\u00dfe<br \/>\n<\/span><\/p>\n<p><span class=\"fontstyle0\">Der Graue Hof verdankt seinen Namen den grauen Kutten der Zisterzienserm\u00f6nche oder dem einstigen Besitzer, dem Grafen Konrad von Regenstein, der das Areal Anfang des 13. Jahrhunderts als Witwensitz f\u00fcr seine Gemahlin vom Halberst\u00e4dter Bischof erwarb. Beides ist denkbar. Nachweisbar ist, dass Irngard diese Hofanlage bis 1246 als Witwensitz nutzte. Nachdem sie in ihre Heimat D\u00e4nemark zur\u00fcckkehrte, schenkte Bischof Volrad das Land 1257 dem Zisterzienserkloster Michaelstein, das hier ebenfalls ein Kloster errichtete.<br \/>\nIm Hintergrund, an der Einm\u00fcndung zum Grauen Hof, ist ein St\u00fcck Giebelfront des Hauses Nummer 1 erkennbar. Dieses aus dem 18. Jahrhundert stammende Haus beherbergte \u00fcber Jahrzehnte einen zentralen Treffpunkt der Altstadtbewohner. Von Beginn des 20. Jahrhunderts bis Mitte der 1980er Jahre befand sich im Erdgeschoss der Frisiersalon Behrens. Auch nach 1945 bewahrte er sich seine Selbst\u00e4ndigkeit in privater Hand. Hierher kam man nicht nur zum Haareschneiden, Neuigkeiten verbreiteten sich nirgendwo so schnell wie bei \u201eBehrens\u201c. Der Salon blieb stets nostalgisch und wurde bis zur Schlie\u00dfung kaum ver\u00e4ndert. Gro\u00dfe Teile der Einrichtung erhielt 1987 das St\u00e4dtische Museum Halberstadt.<br \/>\nIm Nachbarhaus, der Nummer 2 (auf dem Foto mit wildem Wein berankt), traf man sich seit Ende des 19. Jahrhunderts beim t\u00e4glichen Einkauf. Zahlreiche Kolonialwarenh\u00e4ndler finden sich in den Adressb\u00fcchern, der letzte von ihnen war \u201eOnkel Alberts\u201c, der das Gesch\u00e4ft bis in die 1970er Jahre f\u00fchrte.<\/span><\/p>\n<\/div><\/section><\/div><\/p>\n ","protected":false},"excerpt":{"rendered":"","protected":false},"author":1,"featured_media":1706,"comment_status":"open","ping_status":"open","sticky":false,"template":"","format":"standard","meta":{"jetpack_post_was_ever_published":false,"_jetpack_newsletter_access":"","_jetpack_dont_email_post_to_subs":false,"_jetpack_newsletter_tier_id":0,"footnotes":"","jetpack_publicize_message":"","jetpack_publicize_feature_enabled":true,"jetpack_social_post_already_shared":true,"jetpack_social_options":{"image_generator_settings":{"template":"highway","enabled":false}}},"categories":[69,71,70],"tags":[73],"jetpack_publicize_connections":[],"aioseo_notices":[],"jetpack_sharing_enabled":true,"jetpack_featured_media_url":"https:\/\/tomil.de\/fotoshopwp\/wp-content\/uploads\/2022\/07\/Zeitspruenge-HBS-Grauer-Hof-24.jpg","jetpack_shortlink":"https:\/\/wp.me\/pb03Dh-rX","_links":{"self":[{"href":"https:\/\/tomil.de\/fotoshopwp\/wp-json\/wp\/v2\/posts\/1733"}],"collection":[{"href":"https:\/\/tomil.de\/fotoshopwp\/wp-json\/wp\/v2\/posts"}],"about":[{"href":"https:\/\/tomil.de\/fotoshopwp\/wp-json\/wp\/v2\/types\/post"}],"author":[{"embeddable":true,"href":"https:\/\/tomil.de\/fotoshopwp\/wp-json\/wp\/v2\/users\/1"}],"replies":[{"embeddable":true,"href":"https:\/\/tomil.de\/fotoshopwp\/wp-json\/wp\/v2\/comments?post=1733"}],"version-history":[{"count":2,"href":"https:\/\/tomil.de\/fotoshopwp\/wp-json\/wp\/v2\/posts\/1733\/revisions"}],"predecessor-version":[{"id":1777,"href":"https:\/\/tomil.de\/fotoshopwp\/wp-json\/wp\/v2\/posts\/1733\/revisions\/1777"}],"wp:featuredmedia":[{"embeddable":true,"href":"https:\/\/tomil.de\/fotoshopwp\/wp-json\/wp\/v2\/media\/1706"}],"wp:attachment":[{"href":"https:\/\/tomil.de\/fotoshopwp\/wp-json\/wp\/v2\/media?parent=1733"}],"wp:term":[{"taxonomy":"category","embeddable":true,"href":"https:\/\/tomil.de\/fotoshopwp\/wp-json\/wp\/v2\/categories?post=1733"},{"taxonomy":"post_tag","embeddable":true,"href":"https:\/\/tomil.de\/fotoshopwp\/wp-json\/wp\/v2\/tags?post=1733"}],"curies":[{"name":"wp","href":"https:\/\/api.w.org\/{rel}","templated":true}]}}