{"id":1735,"date":"2022-07-06T16:01:08","date_gmt":"2022-07-06T14:01:08","guid":{"rendered":"https:\/\/tomil.de\/fotoshopwp\/?p=1735"},"modified":"2024-01-16T15:37:46","modified_gmt":"2024-01-16T14:37:46","slug":"lichtengraben-15","status":"publish","type":"post","link":"https:\/\/tomil.de\/fotoshopwp\/lichtengraben-15\/","title":{"rendered":"Lichtengraben 15"},"content":{"rendered":"\n<style type=\"text\/css\" data-created_by=\"avia_inline_auto\" id=\"style-css-av-5fwpxz-ece758dfe6369b086a1beda3b0b62099\">\n.flex_column.av-5fwpxz-ece758dfe6369b086a1beda3b0b62099{\n-webkit-border-radius:0px 0px 0px 0px;\n-moz-border-radius:0px 0px 0px 0px;\nborder-radius:0px 0px 0px 0px;\n}\n<\/style>\n<div class='flex_column av-5fwpxz-ece758dfe6369b086a1beda3b0b62099 av_two_third  avia-builder-el-0  el_before_av_one_third  avia-builder-el-first  first flex_column_div av-zero-column-padding '     ><style type=\"text\/css\" data-created_by=\"avia_inline_auto\" id=\"style-css-av-l59nzsuo-ecf26d364b3279d52eef11aca07d64e5\">\n.avia-image-container.av-l59nzsuo-ecf26d364b3279d52eef11aca07d64e5 img.avia_image{\nbox-shadow:none;\n}\n.avia-image-container.av-l59nzsuo-ecf26d364b3279d52eef11aca07d64e5 .av-image-caption-overlay-center{\ncolor:#ffffff;\n}\n<\/style>\n<div  class='avia-image-container av-l59nzsuo-ecf26d364b3279d52eef11aca07d64e5 av-styling- avia-align-left  avia-builder-el-1  avia-builder-el-no-sibling '   itemprop=\"image\" itemscope=\"itemscope\" itemtype=\"https:\/\/schema.org\/ImageObject\" ><div class=\"avia-image-container-inner\"><div class=\"avia-image-overlay-wrap\"><img decoding=\"async\" class='wp-image-1714 avia-img-lazy-loading-not-1714 avia_image ' src=\"https:\/\/tomil.de\/fotoshopwp\/wp-content\/uploads\/2022\/07\/Zeitspruenge-HBS-Lichtergraben.jpg\" alt='' title='Zeitspr\u00fcnge HBS Lichtergraben'  height=\"1440\" width=\"961\"  itemprop=\"thumbnailUrl\" srcset=\"https:\/\/tomil.de\/fotoshopwp\/wp-content\/uploads\/2022\/07\/Zeitspruenge-HBS-Lichtergraben.jpg 961w, https:\/\/tomil.de\/fotoshopwp\/wp-content\/uploads\/2022\/07\/Zeitspruenge-HBS-Lichtergraben-200x300.jpg 200w, https:\/\/tomil.de\/fotoshopwp\/wp-content\/uploads\/2022\/07\/Zeitspruenge-HBS-Lichtergraben-687x1030.jpg 687w, https:\/\/tomil.de\/fotoshopwp\/wp-content\/uploads\/2022\/07\/Zeitspruenge-HBS-Lichtergraben-470x705.jpg 470w, https:\/\/tomil.de\/fotoshopwp\/wp-content\/uploads\/2022\/07\/Zeitspruenge-HBS-Lichtergraben-600x899.jpg 600w\" sizes=\"(max-width: 961px) 100vw, 961px\" \/><\/div><\/div><\/div><\/div>\n<style type=\"text\/css\" data-created_by=\"avia_inline_auto\" id=\"style-css-av-3vxjnb-4b6ea8b6a04a58ab284c74fb75b2fe4b\">\n.flex_column.av-3vxjnb-4b6ea8b6a04a58ab284c74fb75b2fe4b{\n-webkit-border-radius:0px 0px 0px 0px;\n-moz-border-radius:0px 0px 0px 0px;\nborder-radius:0px 0px 0px 0px;\n}\n<\/style>\n<div class='flex_column av-3vxjnb-4b6ea8b6a04a58ab284c74fb75b2fe4b av_one_third  avia-builder-el-2  el_after_av_two_third  el_before_av_one_full  flex_column_div av-zero-column-padding '     ><section  class='av_textblock_section av-l59nzjxj-12a1aecd54eb2f22ac3823ce7066f140'  itemscope=\"itemscope\" itemtype=\"https:\/\/schema.org\/BlogPosting\" itemprop=\"blogPost\" ><div class='avia_textblock'  itemprop=\"text\" ><p><strong>Motivinformationen<\/strong><\/p>\n<p><strong>Titel:\u00a0 <\/strong>Lichtergraben 15<span class=\"fontstyle0\"><br \/>\n<\/span><\/p>\n<p>Historische Aufnahme <span class=\"fontstyle0\">1920er Jahre<\/span><span class=\"fontstyle1\"><br \/>\n<span class=\"fontstyle0\">Glaspositiv, Inventar-Nr.: FP 00828<\/span><br \/>\n<\/span><\/p>\n<p>St\u00e4dtisches Museum Halberstadt<\/p>\n<p>eigene Aufnahme: 2021<\/p>\n<p><strong>Gr\u00f6\u00dfe des Druckes:<\/strong> 40&#215;60 cm<\/p>\n<p><strong>Rahmung:<\/strong><\/p>\n<ul>\n<li>Nielsen C2 Alu strukturiert schwarz-matt<\/li>\n<li>Format 71 x 56 cm<\/li>\n<li>Glas entspiegelt! und mit UV-Schutz<\/li>\n<\/ul>\n<p><strong>Dieses Bild enth\u00e4lt Augmented Reality.<\/strong><\/p>\n<\/div><\/section><\/div>\n<style type=\"text\/css\" data-created_by=\"avia_inline_auto\" id=\"style-css-av-31vsqv-c1ade0388f48f81ad0a07c6a52aa6bf4\">\n.flex_column.av-31vsqv-c1ade0388f48f81ad0a07c6a52aa6bf4{\n-webkit-border-radius:0px 0px 0px 0px;\n-moz-border-radius:0px 0px 0px 0px;\nborder-radius:0px 0px 0px 0px;\n}\n<\/style>\n<div class='flex_column av-31vsqv-c1ade0388f48f81ad0a07c6a52aa6bf4 av_one_full  avia-builder-el-4  el_after_av_one_third  avia-builder-el-last  first flex_column_div av-zero-column-padding column-top-margin'     ><style type=\"text\/css\" data-created_by=\"avia_inline_auto\" id=\"style-css-av-l59o439x-4e0194f187c1ea8980a84d6d951b8615\">\n#top .av_textblock_section.av-l59o439x-4e0194f187c1ea8980a84d6d951b8615 .avia_textblock{\n-webkit-column-count:3;\n-moz-column-count:3;\ncolumn-count:3;\n}\n<\/style>\n<section  class='av_textblock_section av-l59o439x-4e0194f187c1ea8980a84d6d951b8615'  itemscope=\"itemscope\" itemtype=\"https:\/\/schema.org\/BlogPosting\" itemprop=\"blogPost\" ><div class='avia_textblock av_multi_colums'  itemprop=\"text\" ><p><span class=\"fontstyle0\"><strong> Kolonialwaren, B\u00fccher, Kunst und Kaffee \u2013 ein Haus voller Geschichte<\/strong><br \/>\nLichtengraben 15<br \/>\n<\/span><\/p>\n<p><span class=\"fontstyle0\">Der Stra\u00dfenname Lichtengraben ist erstmals 1408 belegt und bezieht sich auf den im Gegensatz zum benachbarten D\u00fcsterngraben lichteren Teil der urspr\u00fcnglich an der Nordseite der Domburg gelegenen Stra\u00dfe. Das dreist\u00f6ckige prachtvoll gestaltete Kaufmannshaus Lichtengraben Nummer 15 wurde wohl ab 1580 errichtet und in den nachfolgenden Jahren erweitert. Mit seinen reich geschnitzten Br\u00fcstungsfeldern und sch\u00f6n profilierten Knaggen sowie \u00fcppigen Schnitzereien z\u00e4hlt es zu den wertvollsten Fachwerkh\u00e4usern der Stadt und steht unter Denkmalschutz.<\/span><\/p>\n<p><span class=\"fontstyle0\"><br \/>\nDas Untergeschoss war immer eine Adresse f\u00fcr bekannte und beliebte Ladengesch\u00e4fte. Seit Anfang des 20. Jahrhunderts ist der Name Oskar T\u00f6lzer in den Adressb\u00fcchern zu finden, der hier ein Kolonialwarengesch\u00e4ft f\u00fchrte. Zwischen 1957 und 1984 begr\u00fc\u00dfte die Buchhandlung Sch\u00f6nherr ihre Kunden an diesem Ort. Die Eintretenden wurden von Regalen voller B\u00fccher in niedrigen, von Balken geteilten R\u00e4umen begr\u00fc\u00dft.<\/span><\/p>\n<p><span class=\"fontstyle0\"><br \/>\nEntgegen der in der DDR-Zeit zumeist aufgegebenen und abgerissenen Fachwerkh\u00e4user der Halberst\u00e4dter Unterstadt erwartete das Haus Lichtengraben 15 ein gn\u00e4digeres Schicksal. Denn es wurde bereits in den 1980er Jahren denkmalgerecht saniert.<\/span><\/p>\n<p><span class=\"fontstyle0\"><br \/>\nIn den Nachwende-Jahren zog das \u201eGalerieCaf\u00e9-Restaurant 1580\u201c hier ein. Seit April 2003 befindet sich im altehrw\u00fcrdigen Haus mit dem Caf\u00e9 \u201eCanap\u00e9\u201c der Treffpunkt f\u00fcr die Studierenden des in Halberstadt ans\u00e4ssigen Fachbereichs Verwaltungswissenschaften der Hochschule Harz.<\/span><br \/>\n<br class=\"avia-permanent-lb\" \/><br class=\"avia-permanent-lb\" \/><\/p>\n<\/div><\/section><\/div><\/p>\n ","protected":false},"excerpt":{"rendered":"","protected":false},"author":1,"featured_media":1714,"comment_status":"open","ping_status":"open","sticky":false,"template":"","format":"standard","meta":{"jetpack_post_was_ever_published":false,"_jetpack_newsletter_access":"","_jetpack_dont_email_post_to_subs":false,"_jetpack_newsletter_tier_id":0,"footnotes":"","jetpack_publicize_message":"","jetpack_publicize_feature_enabled":true,"jetpack_social_post_already_shared":true,"jetpack_social_options":{"image_generator_settings":{"template":"highway","enabled":false}}},"categories":[69,71,70],"tags":[73],"jetpack_publicize_connections":[],"aioseo_notices":[],"jetpack_sharing_enabled":true,"jetpack_featured_media_url":"https:\/\/tomil.de\/fotoshopwp\/wp-content\/uploads\/2022\/07\/Zeitspruenge-HBS-Lichtergraben.jpg","jetpack_shortlink":"https:\/\/wp.me\/pb03Dh-rZ","_links":{"self":[{"href":"https:\/\/tomil.de\/fotoshopwp\/wp-json\/wp\/v2\/posts\/1735"}],"collection":[{"href":"https:\/\/tomil.de\/fotoshopwp\/wp-json\/wp\/v2\/posts"}],"about":[{"href":"https:\/\/tomil.de\/fotoshopwp\/wp-json\/wp\/v2\/types\/post"}],"author":[{"embeddable":true,"href":"https:\/\/tomil.de\/fotoshopwp\/wp-json\/wp\/v2\/users\/1"}],"replies":[{"embeddable":true,"href":"https:\/\/tomil.de\/fotoshopwp\/wp-json\/wp\/v2\/comments?post=1735"}],"version-history":[{"count":2,"href":"https:\/\/tomil.de\/fotoshopwp\/wp-json\/wp\/v2\/posts\/1735\/revisions"}],"predecessor-version":[{"id":1776,"href":"https:\/\/tomil.de\/fotoshopwp\/wp-json\/wp\/v2\/posts\/1735\/revisions\/1776"}],"wp:featuredmedia":[{"embeddable":true,"href":"https:\/\/tomil.de\/fotoshopwp\/wp-json\/wp\/v2\/media\/1714"}],"wp:attachment":[{"href":"https:\/\/tomil.de\/fotoshopwp\/wp-json\/wp\/v2\/media?parent=1735"}],"wp:term":[{"taxonomy":"category","embeddable":true,"href":"https:\/\/tomil.de\/fotoshopwp\/wp-json\/wp\/v2\/categories?post=1735"},{"taxonomy":"post_tag","embeddable":true,"href":"https:\/\/tomil.de\/fotoshopwp\/wp-json\/wp\/v2\/tags?post=1735"}],"curies":[{"name":"wp","href":"https:\/\/api.w.org\/{rel}","templated":true}]}}