{"id":1739,"date":"2022-07-06T16:15:16","date_gmt":"2022-07-06T14:15:16","guid":{"rendered":"https:\/\/tomil.de\/fotoshopwp\/?p=1739"},"modified":"2024-01-16T15:37:46","modified_gmt":"2024-01-16T14:37:46","slug":"groeperstrasse","status":"publish","type":"post","link":"https:\/\/tomil.de\/fotoshopwp\/groeperstrasse\/","title":{"rendered":"Gr\u00f6perstra\u00dfe"},"content":{"rendered":"\n<style type=\"text\/css\" data-created_by=\"avia_inline_auto\" id=\"style-css-av-6lazmz-6171e1c4eb0ac8d366404070b42c8d96\">\n.flex_column.av-6lazmz-6171e1c4eb0ac8d366404070b42c8d96{\n-webkit-border-radius:0px 0px 0px 0px;\n-moz-border-radius:0px 0px 0px 0px;\nborder-radius:0px 0px 0px 0px;\n}\n<\/style>\n<div class='flex_column av-6lazmz-6171e1c4eb0ac8d366404070b42c8d96 av_two_third  avia-builder-el-0  el_before_av_one_third  avia-builder-el-first  first flex_column_div av-zero-column-padding '     ><style type=\"text\/css\" data-created_by=\"avia_inline_auto\" id=\"style-css-av-l59ojlys-67cf090316eafe869b7ffd0619362560\">\n.avia-image-container.av-l59ojlys-67cf090316eafe869b7ffd0619362560 img.avia_image{\nbox-shadow:none;\n}\n.avia-image-container.av-l59ojlys-67cf090316eafe869b7ffd0619362560 .av-image-caption-overlay-center{\ncolor:#ffffff;\n}\n<\/style>\n<div  class='avia-image-container av-l59ojlys-67cf090316eafe869b7ffd0619362560 av-styling- avia-align-left  avia-builder-el-1  avia-builder-el-no-sibling '   itemprop=\"image\" itemscope=\"itemscope\" itemtype=\"https:\/\/schema.org\/ImageObject\" ><div class=\"avia-image-container-inner\"><div class=\"avia-image-overlay-wrap\"><img decoding=\"async\" class='wp-image-1707 avia-img-lazy-loading-not-1707 avia_image ' src=\"https:\/\/tomil.de\/fotoshopwp\/wp-content\/uploads\/2022\/07\/Zeitspruenge-HBS-Groeperstrasse-Pfarramt.jpg\" alt='' title='Zeitspr\u00fcnge HBS Gr\u00f6perstrasse Pfarramt'  height=\"960\" width=\"1440\"  itemprop=\"thumbnailUrl\" srcset=\"https:\/\/tomil.de\/fotoshopwp\/wp-content\/uploads\/2022\/07\/Zeitspruenge-HBS-Groeperstrasse-Pfarramt.jpg 1440w, https:\/\/tomil.de\/fotoshopwp\/wp-content\/uploads\/2022\/07\/Zeitspruenge-HBS-Groeperstrasse-Pfarramt-300x200.jpg 300w, https:\/\/tomil.de\/fotoshopwp\/wp-content\/uploads\/2022\/07\/Zeitspruenge-HBS-Groeperstrasse-Pfarramt-1030x687.jpg 1030w, https:\/\/tomil.de\/fotoshopwp\/wp-content\/uploads\/2022\/07\/Zeitspruenge-HBS-Groeperstrasse-Pfarramt-705x470.jpg 705w, https:\/\/tomil.de\/fotoshopwp\/wp-content\/uploads\/2022\/07\/Zeitspruenge-HBS-Groeperstrasse-Pfarramt-600x400.jpg 600w\" sizes=\"(max-width: 1440px) 100vw, 1440px\" \/><\/div><\/div><\/div><\/div>\n<style type=\"text\/css\" data-created_by=\"avia_inline_auto\" id=\"style-css-av-4gysgb-f9941e7ea132b7817c04233918aef485\">\n.flex_column.av-4gysgb-f9941e7ea132b7817c04233918aef485{\n-webkit-border-radius:0px 0px 0px 0px;\n-moz-border-radius:0px 0px 0px 0px;\nborder-radius:0px 0px 0px 0px;\n}\n<\/style>\n<div class='flex_column av-4gysgb-f9941e7ea132b7817c04233918aef485 av_one_third  avia-builder-el-2  el_after_av_two_third  el_before_av_one_full  flex_column_div av-zero-column-padding '     ><section  class='av_textblock_section av-l59oj992-f6d0d467bfc68be6e4871ceab2cf93e7'  itemscope=\"itemscope\" itemtype=\"https:\/\/schema.org\/BlogPosting\" itemprop=\"blogPost\" ><div class='avia_textblock'  itemprop=\"text\" ><p><strong>Motivinformationen<\/strong><\/p>\n<p><strong>Titel:\u00a0<\/strong>\u00a0<span class=\"fontstyle0\">\u00a0Gr\u00f6perstra\u00dfe, Blick auf den Eingangzum Katholischen Pfarramt<\/p>\n<p><\/span><\/p>\n<p>Historische Aufnahme um <span class=\"fontstyle0\">1920<\/span><span class=\"fontstyle1\"><br \/>\n<span class=\"fontstyle0\">Glaspositiv, Inventar-Nr.: FP 00449<\/span><br \/>\n<\/span><\/p>\n<p>St\u00e4dtisches Museum Halberstadt<\/p>\n<p>eigene Aufnahme: 2021<\/p>\n<p><strong>Gr\u00f6\u00dfe des Druckes:<\/strong> 60&#215;40 cm<\/p>\n<p><strong>Rahmung:<\/strong><\/p>\n<ul>\n<li>Nielsen C2 Alu strukturiert schwarz-matt<\/li>\n<li>Format 71 x 56 cm<\/li>\n<li>Glas entspiegelt! und mit UV-Schutz<\/li>\n<\/ul>\n<p><strong>Dieses Bild enth\u00e4lt Augmented Reality.<\/strong><\/p>\n<\/div><\/section><\/div>\n<style type=\"text\/css\" data-created_by=\"avia_inline_auto\" id=\"style-css-av-387umj-32eb9263cce852083311710f93036e5c\">\n.flex_column.av-387umj-32eb9263cce852083311710f93036e5c{\n-webkit-border-radius:0px 0px 0px 0px;\n-moz-border-radius:0px 0px 0px 0px;\nborder-radius:0px 0px 0px 0px;\n}\n<\/style>\n<div class='flex_column av-387umj-32eb9263cce852083311710f93036e5c av_one_full  avia-builder-el-4  el_after_av_one_third  avia-builder-el-last  first flex_column_div av-zero-column-padding column-top-margin'     ><style type=\"text\/css\" data-created_by=\"avia_inline_auto\" id=\"style-css-av-l59om6nk-76c621def2811ee1fb84894ec569bc24\">\n#top .av_textblock_section.av-l59om6nk-76c621def2811ee1fb84894ec569bc24 .avia_textblock{\n-webkit-column-count:3;\n-moz-column-count:3;\ncolumn-count:3;\n}\n<\/style>\n<section  class='av_textblock_section av-l59om6nk-76c621def2811ee1fb84894ec569bc24'  itemscope=\"itemscope\" itemtype=\"https:\/\/schema.org\/BlogPosting\" itemprop=\"blogPost\" ><div class='avia_textblock av_multi_colums'  itemprop=\"text\" ><p><span class=\"fontstyle0\"><strong>Gr\u00f6per kommt von Grapen<\/strong><br \/>\nGr\u00f6perstra\u00dfe 31-33 und 35<br \/>\n<\/span><\/p>\n<p><span class=\"fontstyle0\">Die Gr\u00f6perstra\u00dfe ist eine der \u00e4ltesten Stra\u00dfen Halberstadts und wurde 1306 erstmals urkundlich erw\u00e4hnt. Der Begriff \u201eGr\u00f6per\u201c leitet sich von dem Wort Grop oder Grapen ab, einer alten Bezeichnung f\u00fcr (Koch-)T\u00f6pfe oder Tiegel. Denn hier am n\u00f6rdlichen Stadtrand und in der N\u00e4he des Flusses Holtemme waren im Mittelalter die Wohnund Werkst\u00e4tten der T\u00f6pfer und Gie\u00dfer, die solche Gegenst\u00e4nde herstellten, beheimatet.<\/p>\n<p>In einem um 1700 erbauten Fachwerkhaus in der Gr\u00f6perstra\u00dfe 33 \u2013 hier in der Bildmitte, etwas vom Baum verdeckt, zu sehen \u2013 befindet sich das Katholische Pfarramt. Das Gel\u00e4nde des Pfarramts wird zur Stra\u00dfenseite hin durch eine Mauer mit s\u00e4ulenverziertem Torbogen abgegrenzt. Links neben dem Torbogen findet man ein in die Mauer eingebautes Fenster vor, das mit einem aufwendig verzierten Schutzgitter versehen ist. Diese besonders sch\u00f6ne Kunstschmiedearbeit zieht auch heute noch ihre Betrachter in den Bann.<\/p>\n<p>Auff\u00e4llig ist das rechts davon stehende gro\u00dfe Fachwerkhaus mit Mansardendach in der Gr\u00f6perstra\u00dfe 31. Um 1910, als in der Stra\u00dfe noch das Leben pulsierte und mehr Gastwirtschaften, Gesch\u00e4fte und Handwerksbetriebe ans\u00e4ssig waren, befand sich in dem um 1750 erbauten Geb\u00e4ude die Fleischerei Simon. Heute findet man hier ein Juweliergesch\u00e4ft.<\/span><br \/>\n<br class=\"avia-permanent-lb\" \/><br class=\"avia-permanent-lb\" \/><\/p>\n<\/div><\/section><\/div><\/p>\n ","protected":false},"excerpt":{"rendered":"","protected":false},"author":1,"featured_media":1707,"comment_status":"open","ping_status":"open","sticky":false,"template":"","format":"standard","meta":{"jetpack_post_was_ever_published":false,"_jetpack_newsletter_access":"","_jetpack_dont_email_post_to_subs":false,"_jetpack_newsletter_tier_id":0,"footnotes":"","jetpack_publicize_message":"","jetpack_publicize_feature_enabled":true,"jetpack_social_post_already_shared":true,"jetpack_social_options":{"image_generator_settings":{"template":"highway","enabled":false}}},"categories":[69,71,70],"tags":[73],"jetpack_publicize_connections":[],"aioseo_notices":[],"jetpack_sharing_enabled":true,"jetpack_featured_media_url":"https:\/\/tomil.de\/fotoshopwp\/wp-content\/uploads\/2022\/07\/Zeitspruenge-HBS-Groeperstrasse-Pfarramt.jpg","jetpack_shortlink":"https:\/\/wp.me\/pb03Dh-s3","_links":{"self":[{"href":"https:\/\/tomil.de\/fotoshopwp\/wp-json\/wp\/v2\/posts\/1739"}],"collection":[{"href":"https:\/\/tomil.de\/fotoshopwp\/wp-json\/wp\/v2\/posts"}],"about":[{"href":"https:\/\/tomil.de\/fotoshopwp\/wp-json\/wp\/v2\/types\/post"}],"author":[{"embeddable":true,"href":"https:\/\/tomil.de\/fotoshopwp\/wp-json\/wp\/v2\/users\/1"}],"replies":[{"embeddable":true,"href":"https:\/\/tomil.de\/fotoshopwp\/wp-json\/wp\/v2\/comments?post=1739"}],"version-history":[{"count":2,"href":"https:\/\/tomil.de\/fotoshopwp\/wp-json\/wp\/v2\/posts\/1739\/revisions"}],"predecessor-version":[{"id":1774,"href":"https:\/\/tomil.de\/fotoshopwp\/wp-json\/wp\/v2\/posts\/1739\/revisions\/1774"}],"wp:featuredmedia":[{"embeddable":true,"href":"https:\/\/tomil.de\/fotoshopwp\/wp-json\/wp\/v2\/media\/1707"}],"wp:attachment":[{"href":"https:\/\/tomil.de\/fotoshopwp\/wp-json\/wp\/v2\/media?parent=1739"}],"wp:term":[{"taxonomy":"category","embeddable":true,"href":"https:\/\/tomil.de\/fotoshopwp\/wp-json\/wp\/v2\/categories?post=1739"},{"taxonomy":"post_tag","embeddable":true,"href":"https:\/\/tomil.de\/fotoshopwp\/wp-json\/wp\/v2\/tags?post=1739"}],"curies":[{"name":"wp","href":"https:\/\/api.w.org\/{rel}","templated":true}]}}