{"id":1741,"date":"2022-07-06T16:27:14","date_gmt":"2022-07-06T14:27:14","guid":{"rendered":"https:\/\/tomil.de\/fotoshopwp\/?p=1741"},"modified":"2024-01-16T15:37:46","modified_gmt":"2024-01-16T14:37:46","slug":"blick-auf-am-kulk-10","status":"publish","type":"post","link":"https:\/\/tomil.de\/fotoshopwp\/blick-auf-am-kulk-10\/","title":{"rendered":"Blick auf Am Kulk 10"},"content":{"rendered":"\n<style type=\"text\/css\" data-created_by=\"avia_inline_auto\" id=\"style-css-av-6edpvh-0b61c02d900567c04a4d9c17ea50b605\">\n.flex_column.av-6edpvh-0b61c02d900567c04a4d9c17ea50b605{\n-webkit-border-radius:0px 0px 0px 0px;\n-moz-border-radius:0px 0px 0px 0px;\nborder-radius:0px 0px 0px 0px;\n}\n<\/style>\n<div class='flex_column av-6edpvh-0b61c02d900567c04a4d9c17ea50b605 av_two_third  avia-builder-el-0  el_before_av_one_third  avia-builder-el-first  first flex_column_div av-zero-column-padding '     ><style type=\"text\/css\" data-created_by=\"avia_inline_auto\" id=\"style-css-av-l59oytw6-a783c6a9303f23c09362c539013afe22\">\n.avia-image-container.av-l59oytw6-a783c6a9303f23c09362c539013afe22 img.avia_image{\nbox-shadow:none;\n}\n.avia-image-container.av-l59oytw6-a783c6a9303f23c09362c539013afe22 .av-image-caption-overlay-center{\ncolor:#ffffff;\n}\n<\/style>\n<div  class='avia-image-container av-l59oytw6-a783c6a9303f23c09362c539013afe22 av-styling- avia-align-left  avia-builder-el-1  avia-builder-el-no-sibling '   itemprop=\"image\" itemscope=\"itemscope\" itemtype=\"https:\/\/schema.org\/ImageObject\" ><div class=\"avia-image-container-inner\"><div class=\"avia-image-overlay-wrap\"><img decoding=\"async\" class='wp-image-1699 avia-img-lazy-loading-not-1699 avia_image ' src=\"https:\/\/tomil.de\/fotoshopwp\/wp-content\/uploads\/2022\/07\/Zeitspruenge-HBS-Am-Kulk-quer2.jpg\" alt='' title='Zeitspr\u00fcnge HBS Am Kulk quer2'  height=\"960\" width=\"1440\"  itemprop=\"thumbnailUrl\" srcset=\"https:\/\/tomil.de\/fotoshopwp\/wp-content\/uploads\/2022\/07\/Zeitspruenge-HBS-Am-Kulk-quer2.jpg 1440w, https:\/\/tomil.de\/fotoshopwp\/wp-content\/uploads\/2022\/07\/Zeitspruenge-HBS-Am-Kulk-quer2-300x200.jpg 300w, https:\/\/tomil.de\/fotoshopwp\/wp-content\/uploads\/2022\/07\/Zeitspruenge-HBS-Am-Kulk-quer2-1030x687.jpg 1030w, https:\/\/tomil.de\/fotoshopwp\/wp-content\/uploads\/2022\/07\/Zeitspruenge-HBS-Am-Kulk-quer2-705x470.jpg 705w, https:\/\/tomil.de\/fotoshopwp\/wp-content\/uploads\/2022\/07\/Zeitspruenge-HBS-Am-Kulk-quer2-600x400.jpg 600w\" sizes=\"(max-width: 1440px) 100vw, 1440px\" \/><\/div><\/div><\/div><\/div>\n<style type=\"text\/css\" data-created_by=\"avia_inline_auto\" id=\"style-css-av-4eac8d-cf3b6293ad3379f8155efd6213957dff\">\n.flex_column.av-4eac8d-cf3b6293ad3379f8155efd6213957dff{\n-webkit-border-radius:0px 0px 0px 0px;\n-moz-border-radius:0px 0px 0px 0px;\nborder-radius:0px 0px 0px 0px;\n}\n<\/style>\n<div class='flex_column av-4eac8d-cf3b6293ad3379f8155efd6213957dff av_one_third  avia-builder-el-2  el_after_av_two_third  el_before_av_one_full  flex_column_div av-zero-column-padding '     ><section  class='av_textblock_section av-l59oye0x-ab599d50a98cf950bf221832c7b13f2e'  itemscope=\"itemscope\" itemtype=\"https:\/\/schema.org\/BlogPosting\" itemprop=\"blogPost\" ><div class='avia_textblock'  itemprop=\"text\" ><p><strong>Motivinformationen<\/strong><\/p>\n<p><strong>Titel:\u00a0<\/strong>\u00a0<span class=\"fontstyle0\">\u00a0Blick auf Am Kulk 10,<br \/>\n<\/span><span class=\"fontstyle0\">links Hoher Weg 1 und 2 (Kulkm\u00fchle und Gerberhaus)<\/p>\n<p><\/span><\/p>\n<p>Historische Aufnahme von <span class=\"fontstyle0\">1910-1920<\/span><span class=\"fontstyle1\"><br \/>\n<span class=\"fontstyle0\">Glasnegativ, Inventar-Nr.: FP 00780<\/span><br \/>\n<\/span><\/p>\n<p>St\u00e4dtisches Museum Halberstadt<\/p>\n<p>eigene Aufnahme: 2021<\/p>\n<p><strong>Gr\u00f6\u00dfe des Druckes:<\/strong> 60&#215;40 cm<\/p>\n<p><strong>Rahmung:<\/strong><\/p>\n<ul>\n<li>Nielsen C2 Alu strukturiert schwarz-matt<\/li>\n<li>Format 71 x 56 cm<\/li>\n<li>Glas entspiegelt! und mit UV-Schutz<\/li>\n<\/ul>\n<p><strong>Dieses Bild enth\u00e4lt Augmented Reality.<\/strong><\/p>\n<\/div><\/section><\/div>\n<style type=\"text\/css\" data-created_by=\"avia_inline_auto\" id=\"style-css-av-6u3d9-9d60ed10b4e0b1bdc11775cc10809e4e\">\n.flex_column.av-6u3d9-9d60ed10b4e0b1bdc11775cc10809e4e{\n-webkit-border-radius:0px 0px 0px 0px;\n-moz-border-radius:0px 0px 0px 0px;\nborder-radius:0px 0px 0px 0px;\n}\n<\/style>\n<div class='flex_column av-6u3d9-9d60ed10b4e0b1bdc11775cc10809e4e av_one_full  avia-builder-el-4  el_after_av_one_third  avia-builder-el-last  first flex_column_div av-zero-column-padding column-top-margin'     ><style type=\"text\/css\" data-created_by=\"avia_inline_auto\" id=\"style-css-av-l59p1oui-294fbaf87726a2273a751d1269239be9\">\n#top .av_textblock_section.av-l59p1oui-294fbaf87726a2273a751d1269239be9 .avia_textblock{\n-webkit-column-count:3;\n-moz-column-count:3;\ncolumn-count:3;\n}\n<\/style>\n<section  class='av_textblock_section av-l59p1oui-294fbaf87726a2273a751d1269239be9'  itemscope=\"itemscope\" itemtype=\"https:\/\/schema.org\/BlogPosting\" itemprop=\"blogPost\" ><div class='avia_textblock av_multi_colums'  itemprop=\"text\" ><p><span class=\"fontstyle0\"><strong>Handwerk, Handel und Ger\u00fcche<\/strong><br \/>\nVom Hohen Weg zu Am Kulk<br \/>\n<\/span><\/p>\n<p><span class=\"fontstyle0\">Etwas versteckt, nicht weit vom heutigen Stadtzentrum, liegt dieser Ort, der f\u00fcr die Halberst\u00e4dter Lederwarenherstellung als Keimzelle diente. Die regional f\u00fcr teichartige Gew\u00e4sser benutzte Bezeichnung des Stra\u00dfenzugs \u201eAm Kulk\u201c deutet<br \/>\nauf einen Platz am Wasser hin. Hier floss der ehemalige Kulkgraben entlang, ein heute zum gr\u00f6\u00dften Teil \u00fcberbauter Seitenarm der Holtemme. Dieser war f\u00fcr die Ansiedlung der Gerber und der weiteren Handwerker seit dem Mittelalter entscheidend, denn er diente zur Wasserversorgung, zum Betreiben von M\u00fchlen und f\u00fcr die Verarbeitung von Stoffen und Lederwaren.<\/span><\/p>\n<p><span class=\"fontstyle0\"><br \/>\nDas Geb\u00e4ude der ehemaligen Kulk- oder Ratsm\u00fchle \u2013 auf dem Bild am halbrunden Eingangstor neben dem Handkarren zu erkennen \u2013 stammt aus dem Jahr 1594. Vorg\u00e4ngerbauten sind hier bereits seit der Mitte des 13. Jahrhunderts belegt. Umfangreiche Restaurierungen 1975\/76 ver\u00e4nderten Aussehen und Inneres des Fachwerkensembles v\u00f6llig. Heute l\u00e4dt hier eine Pension zur \u00dcbernachtung ein. Daneben befand sich bis in die 1930er Jahre, im Geb\u00e4ude Hoher Weg 2,<br \/>\ndie bekannte Lederfabrikation Peter K\u00fchne. Das auch als Gerberhaus bezeichnete Geb\u00e4ude wurde 1620 erbaut.<\/span><\/p>\n<p><span class=\"fontstyle0\"><br \/>\nDie Fachwerkbauten Am Kulk waren gro\u00dfe Geb\u00e4ude mit hohen B\u00f6den, in den die verarbeiteten Waren getrocknet und gelagert wurden. Dass der Kulkgraben durch die Lederverarbeitung stark verschmutzt wurde, zeigt noch heute eine geschnitzte Konsolenfigur mit zugehaltener Nase an, die im St\u00e4dtischen Museum aufbewahrt wird, und umgangssprachlich als \u201eStinker\u201c bezeichnet wurde.<\/span><br \/>\n<br class=\"avia-permanent-lb\" \/><br class=\"avia-permanent-lb\" \/><\/p>\n<\/div><\/section><\/div><\/p>\n ","protected":false},"excerpt":{"rendered":"","protected":false},"author":1,"featured_media":1699,"comment_status":"open","ping_status":"open","sticky":false,"template":"","format":"standard","meta":{"jetpack_post_was_ever_published":false,"_jetpack_newsletter_access":"","_jetpack_dont_email_post_to_subs":false,"_jetpack_newsletter_tier_id":0,"footnotes":"","jetpack_publicize_message":"","jetpack_publicize_feature_enabled":true,"jetpack_social_post_already_shared":true,"jetpack_social_options":{"image_generator_settings":{"template":"highway","enabled":false}}},"categories":[69,71,70],"tags":[73],"jetpack_publicize_connections":[],"aioseo_notices":[],"jetpack_sharing_enabled":true,"jetpack_featured_media_url":"https:\/\/tomil.de\/fotoshopwp\/wp-content\/uploads\/2022\/07\/Zeitspruenge-HBS-Am-Kulk-quer2.jpg","jetpack_shortlink":"https:\/\/wp.me\/pb03Dh-s5","_links":{"self":[{"href":"https:\/\/tomil.de\/fotoshopwp\/wp-json\/wp\/v2\/posts\/1741"}],"collection":[{"href":"https:\/\/tomil.de\/fotoshopwp\/wp-json\/wp\/v2\/posts"}],"about":[{"href":"https:\/\/tomil.de\/fotoshopwp\/wp-json\/wp\/v2\/types\/post"}],"author":[{"embeddable":true,"href":"https:\/\/tomil.de\/fotoshopwp\/wp-json\/wp\/v2\/users\/1"}],"replies":[{"embeddable":true,"href":"https:\/\/tomil.de\/fotoshopwp\/wp-json\/wp\/v2\/comments?post=1741"}],"version-history":[{"count":2,"href":"https:\/\/tomil.de\/fotoshopwp\/wp-json\/wp\/v2\/posts\/1741\/revisions"}],"predecessor-version":[{"id":1773,"href":"https:\/\/tomil.de\/fotoshopwp\/wp-json\/wp\/v2\/posts\/1741\/revisions\/1773"}],"wp:featuredmedia":[{"embeddable":true,"href":"https:\/\/tomil.de\/fotoshopwp\/wp-json\/wp\/v2\/media\/1699"}],"wp:attachment":[{"href":"https:\/\/tomil.de\/fotoshopwp\/wp-json\/wp\/v2\/media?parent=1741"}],"wp:term":[{"taxonomy":"category","embeddable":true,"href":"https:\/\/tomil.de\/fotoshopwp\/wp-json\/wp\/v2\/categories?post=1741"},{"taxonomy":"post_tag","embeddable":true,"href":"https:\/\/tomil.de\/fotoshopwp\/wp-json\/wp\/v2\/tags?post=1741"}],"curies":[{"name":"wp","href":"https:\/\/api.w.org\/{rel}","templated":true}]}}