{"id":1745,"date":"2022-07-06T16:37:48","date_gmt":"2022-07-06T14:37:48","guid":{"rendered":"https:\/\/tomil.de\/fotoshopwp\/?p=1745"},"modified":"2024-01-16T15:37:45","modified_gmt":"2024-01-16T14:37:45","slug":"fischmarkt-mit-blick-auf-die-martinikirche","status":"publish","type":"post","link":"https:\/\/tomil.de\/fotoshopwp\/fischmarkt-mit-blick-auf-die-martinikirche\/","title":{"rendered":"Fischmarkt mit Blick auf die Martinikirche"},"content":{"rendered":"\n<style type=\"text\/css\" data-created_by=\"avia_inline_auto\" id=\"style-css-av-kof6p-6a42193de41b6824c7667517a85c0dbf\">\n.flex_column.av-kof6p-6a42193de41b6824c7667517a85c0dbf{\n-webkit-border-radius:0px 0px 0px 0px;\n-moz-border-radius:0px 0px 0px 0px;\nborder-radius:0px 0px 0px 0px;\n}\n<\/style>\n<div class='flex_column av-kof6p-6a42193de41b6824c7667517a85c0dbf av_two_third  avia-builder-el-0  el_before_av_one_third  avia-builder-el-first  first flex_column_div av-zero-column-padding '     ><style type=\"text\/css\" data-created_by=\"avia_inline_auto\" id=\"style-css-av-l59pc8p4-915216951d82114d6040c424c94aa1f9\">\n.avia-image-container.av-l59pc8p4-915216951d82114d6040c424c94aa1f9 img.avia_image{\nbox-shadow:none;\n}\n.avia-image-container.av-l59pc8p4-915216951d82114d6040c424c94aa1f9 .av-image-caption-overlay-center{\ncolor:#ffffff;\n}\n<\/style>\n<div  class='avia-image-container av-l59pc8p4-915216951d82114d6040c424c94aa1f9 av-styling- avia-align-left  avia-builder-el-1  avia-builder-el-no-sibling '   itemprop=\"image\" itemscope=\"itemscope\" itemtype=\"https:\/\/schema.org\/ImageObject\" ><div class=\"avia-image-container-inner\"><div class=\"avia-image-overlay-wrap\"><img decoding=\"async\" class='wp-image-1703 avia-img-lazy-loading-not-1703 avia_image ' src=\"https:\/\/tomil.de\/fotoshopwp\/wp-content\/uploads\/2022\/07\/Zeitspruenge-HBS-Fischmarkt-51115.jpg\" alt='' title='Zeitspr\u00fcnge HBS Fischmarkt 51115'  height=\"1097\" width=\"1440\"  itemprop=\"thumbnailUrl\" srcset=\"https:\/\/tomil.de\/fotoshopwp\/wp-content\/uploads\/2022\/07\/Zeitspruenge-HBS-Fischmarkt-51115.jpg 1440w, https:\/\/tomil.de\/fotoshopwp\/wp-content\/uploads\/2022\/07\/Zeitspruenge-HBS-Fischmarkt-51115-300x229.jpg 300w, https:\/\/tomil.de\/fotoshopwp\/wp-content\/uploads\/2022\/07\/Zeitspruenge-HBS-Fischmarkt-51115-1030x785.jpg 1030w, https:\/\/tomil.de\/fotoshopwp\/wp-content\/uploads\/2022\/07\/Zeitspruenge-HBS-Fischmarkt-51115-705x537.jpg 705w, https:\/\/tomil.de\/fotoshopwp\/wp-content\/uploads\/2022\/07\/Zeitspruenge-HBS-Fischmarkt-51115-600x457.jpg 600w\" sizes=\"(max-width: 1440px) 100vw, 1440px\" \/><\/div><\/div><\/div><\/div>\n<style type=\"text\/css\" data-created_by=\"avia_inline_auto\" id=\"style-css-av-40wq9t-d92ada7c06cbb5ed67b511716b95b502\">\n.flex_column.av-40wq9t-d92ada7c06cbb5ed67b511716b95b502{\n-webkit-border-radius:0px 0px 0px 0px;\n-moz-border-radius:0px 0px 0px 0px;\nborder-radius:0px 0px 0px 0px;\n}\n<\/style>\n<div class='flex_column av-40wq9t-d92ada7c06cbb5ed67b511716b95b502 av_one_third  avia-builder-el-2  el_after_av_two_third  el_before_av_one_full  flex_column_div av-zero-column-padding '     ><section  class='av_textblock_section av-l59pc0t6-b117bdb34d6bb9999e541de760d0a238'  itemscope=\"itemscope\" itemtype=\"https:\/\/schema.org\/BlogPosting\" itemprop=\"blogPost\" ><div class='avia_textblock'  itemprop=\"text\" ><p><strong>Motivinformationen<\/strong><\/p>\n<p><strong>Titel:\u00a0<\/strong>\u00a0<span class=\"fontstyle0\">\u00a0Fischmarkt mit Blick auf die Martinikirche und die elektrische Stra\u00dfenbahn<\/p>\n<p><\/span><\/p>\n<p>Historische Aufnahme um 1915<span class=\"fontstyle1\"><br \/>\n<span class=\"fontstyle0\">Glasnegativ (Stereoplatte), Inventar-Nr.: FP 00334<\/span><\/p>\n<p><\/span>St\u00e4dtisches Museum Halberstadt<\/p>\n<p>eigene Aufnahme: 2021<\/p>\n<p><strong>Gr\u00f6\u00dfe des Druckes:<\/strong> 52,5&#215;40 cm<\/p>\n<p><strong>Rahmung:<\/strong><\/p>\n<ul>\n<li>Nielsen C2 Alu strukturiert schwarz-matt<\/li>\n<li>Format 71 x 56 cm<\/li>\n<li>Glas entspiegelt! und mit UV-Schutz<\/li>\n<\/ul>\n<p><strong>Dieses Bild enth\u00e4lt Augmented Reality.<\/strong><\/p>\n<\/div><\/section><\/div>\n<style type=\"text\/css\" data-created_by=\"avia_inline_auto\" id=\"style-css-av-2t1xup-78f4f4453b458ac00c9956e9e8d6f658\">\n.flex_column.av-2t1xup-78f4f4453b458ac00c9956e9e8d6f658{\n-webkit-border-radius:0px 0px 0px 0px;\n-moz-border-radius:0px 0px 0px 0px;\nborder-radius:0px 0px 0px 0px;\n}\n<\/style>\n<div class='flex_column av-2t1xup-78f4f4453b458ac00c9956e9e8d6f658 av_one_full  avia-builder-el-4  el_after_av_one_third  avia-builder-el-last  first flex_column_div av-zero-column-padding column-top-margin'     ><style type=\"text\/css\" data-created_by=\"avia_inline_auto\" id=\"style-css-av-l59pf6vs-59704a1823ea5b2b7926cdb5b8d7113e\">\n#top .av_textblock_section.av-l59pf6vs-59704a1823ea5b2b7926cdb5b8d7113e .avia_textblock{\n-webkit-column-count:3;\n-moz-column-count:3;\ncolumn-count:3;\n}\n<\/style>\n<section  class='av_textblock_section av-l59pf6vs-59704a1823ea5b2b7926cdb5b8d7113e'  itemscope=\"itemscope\" itemtype=\"https:\/\/schema.org\/BlogPosting\" itemprop=\"blogPost\" ><div class='avia_textblock av_multi_colums'  itemprop=\"text\" ><p><span class=\"fontstyle0\"><strong>Das zur\u00fcckgewonnene Herz<\/strong><br \/>\nMartinikirche und Fischmarkt<br \/>\n<\/span><\/p>\n<p><span class=\"fontstyle0\">Der Halberst\u00e4dter Fischmarkt ist seit 1478 belegt, damals jedoch noch als Kornmarkt. Erst 1784 erhielt er seinen heutigen Namen. \u00d6stlich vom 1381 errichteten Rathaus und dem dahinterliegenden Holzmarkt wurde hier mit landwirtschaftlich erzeugten Produkten, also in erster Linie Lebensmitteln, gehandelt. Beide M\u00e4rkte zusammen bildeten die Lebensader f\u00fcr die st\u00e4dtische Wirtschaft.<\/span><\/p>\n<p><span class=\"fontstyle0\"><br \/>\nBis zum Zweiten Weltkrieg war der Fischmarkt von gro\u00dfen Wohn- und Gesch\u00e4ftsh\u00e4usern eingeschlossen. Westlich von ihm befindet sich der Martiniplan mit dem gotischen Kirchenbau der Stadtpfarrkirche St. Martini aus der Mitte des<br \/>\n14. Jahrhunderts, der mit seinem ungleichen Kirchturmpaar alles \u00fcberragt. Der Vorg\u00e4ngerbau dieser f\u00fcr die B\u00fcrger Halberstadts bedeutenden Kirche ist bereits ab 1186 belegbar. Am 8. April 1945 wurde das Stadtzentrum mit Rathaus, M\u00e4rkten und Kirche zerst\u00f6rt und erhielt erst 1998 im Rahmen der Modellstadtsanierung eine an die urspr\u00fcngliche Gestalt und Stra\u00dfenf\u00fchrung angelehnte Neubebauung. Seither bildet es wie fr\u00fcher das belebte Herz von Halberstadt.<\/span><\/p>\n<p><span class=\"fontstyle0\"><br \/>\nDie T\u00fcrme der Martinikirche, die schon in den 1950er Jahren wiederhergestellt wurden, gelten als Wahrzeichen der Stadt. Noch bis ins Jahr 1908 wurden sie von einem W\u00e4chter bewohnt, der die Bev\u00f6lkerung vor Unwetter, Feuer und Kriegsgeschehen warnen sollte. Heute befindet sich eine begehbare Aussichtsplattform zwischen den T\u00fcrmen, die zum Rundumblick \u00fcber die Stadt und ihre Grenzen hinaus bis zum Harz einl\u00e4dt.<\/span><br \/>\n<br class=\"avia-permanent-lb\" \/><br class=\"avia-permanent-lb\" \/><\/p>\n<\/div><\/section><\/div><\/p>\n ","protected":false},"excerpt":{"rendered":"","protected":false},"author":1,"featured_media":1703,"comment_status":"open","ping_status":"open","sticky":false,"template":"","format":"standard","meta":{"jetpack_post_was_ever_published":false,"_jetpack_newsletter_access":"","_jetpack_dont_email_post_to_subs":false,"_jetpack_newsletter_tier_id":0,"footnotes":"","jetpack_publicize_message":"","jetpack_publicize_feature_enabled":true,"jetpack_social_post_already_shared":true,"jetpack_social_options":{"image_generator_settings":{"template":"highway","enabled":false}}},"categories":[69,71,70],"tags":[73],"jetpack_publicize_connections":[],"aioseo_notices":[],"jetpack_sharing_enabled":true,"jetpack_featured_media_url":"https:\/\/tomil.de\/fotoshopwp\/wp-content\/uploads\/2022\/07\/Zeitspruenge-HBS-Fischmarkt-51115.jpg","jetpack_shortlink":"https:\/\/wp.me\/pb03Dh-s9","_links":{"self":[{"href":"https:\/\/tomil.de\/fotoshopwp\/wp-json\/wp\/v2\/posts\/1745"}],"collection":[{"href":"https:\/\/tomil.de\/fotoshopwp\/wp-json\/wp\/v2\/posts"}],"about":[{"href":"https:\/\/tomil.de\/fotoshopwp\/wp-json\/wp\/v2\/types\/post"}],"author":[{"embeddable":true,"href":"https:\/\/tomil.de\/fotoshopwp\/wp-json\/wp\/v2\/users\/1"}],"replies":[{"embeddable":true,"href":"https:\/\/tomil.de\/fotoshopwp\/wp-json\/wp\/v2\/comments?post=1745"}],"version-history":[{"count":2,"href":"https:\/\/tomil.de\/fotoshopwp\/wp-json\/wp\/v2\/posts\/1745\/revisions"}],"predecessor-version":[{"id":1771,"href":"https:\/\/tomil.de\/fotoshopwp\/wp-json\/wp\/v2\/posts\/1745\/revisions\/1771"}],"wp:featuredmedia":[{"embeddable":true,"href":"https:\/\/tomil.de\/fotoshopwp\/wp-json\/wp\/v2\/media\/1703"}],"wp:attachment":[{"href":"https:\/\/tomil.de\/fotoshopwp\/wp-json\/wp\/v2\/media?parent=1745"}],"wp:term":[{"taxonomy":"category","embeddable":true,"href":"https:\/\/tomil.de\/fotoshopwp\/wp-json\/wp\/v2\/categories?post=1745"},{"taxonomy":"post_tag","embeddable":true,"href":"https:\/\/tomil.de\/fotoshopwp\/wp-json\/wp\/v2\/tags?post=1745"}],"curies":[{"name":"wp","href":"https:\/\/api.w.org\/{rel}","templated":true}]}}