{"id":1747,"date":"2022-07-06T16:44:28","date_gmt":"2022-07-06T14:44:28","guid":{"rendered":"https:\/\/tomil.de\/fotoshopwp\/?p=1747"},"modified":"2024-01-16T15:37:45","modified_gmt":"2024-01-16T14:37:45","slug":"holzmarkt-mit-rathaus","status":"publish","type":"post","link":"https:\/\/tomil.de\/fotoshopwp\/holzmarkt-mit-rathaus\/","title":{"rendered":"Holzmarkt mit Rathaus"},"content":{"rendered":"\n<style type=\"text\/css\" data-created_by=\"avia_inline_auto\" id=\"style-css-av-6iowar-58d8d922963fd4ee042550eabe73ee37\">\n.flex_column.av-6iowar-58d8d922963fd4ee042550eabe73ee37{\n-webkit-border-radius:0px 0px 0px 0px;\n-moz-border-radius:0px 0px 0px 0px;\nborder-radius:0px 0px 0px 0px;\n}\n<\/style>\n<div class='flex_column av-6iowar-58d8d922963fd4ee042550eabe73ee37 av_two_third  avia-builder-el-0  el_before_av_one_third  avia-builder-el-first  first flex_column_div av-zero-column-padding '     ><style type=\"text\/css\" data-created_by=\"avia_inline_auto\" id=\"style-css-av-l59pkamk-078e941b673287dbe8dcc40178e6ca04\">\n.avia-image-container.av-l59pkamk-078e941b673287dbe8dcc40178e6ca04 img.avia_image{\nbox-shadow:none;\n}\n.avia-image-container.av-l59pkamk-078e941b673287dbe8dcc40178e6ca04 .av-image-caption-overlay-center{\ncolor:#ffffff;\n}\n<\/style>\n<div  class='avia-image-container av-l59pkamk-078e941b673287dbe8dcc40178e6ca04 av-styling- avia-align-left  avia-builder-el-1  avia-builder-el-no-sibling '   itemprop=\"image\" itemscope=\"itemscope\" itemtype=\"https:\/\/schema.org\/ImageObject\" ><div class=\"avia-image-container-inner\"><div class=\"avia-image-overlay-wrap\"><img decoding=\"async\" class='wp-image-1712 avia-img-lazy-loading-not-1712 avia_image ' src=\"https:\/\/tomil.de\/fotoshopwp\/wp-content\/uploads\/2022\/07\/Zeitspruenge-HBS-Holzmarkt-Vogelperspektive.jpg\" alt='' title='Zeitspr\u00fcnge HBS Holzmarkt Vogelperspektive'  height=\"959\" width=\"1440\"  itemprop=\"thumbnailUrl\" srcset=\"https:\/\/tomil.de\/fotoshopwp\/wp-content\/uploads\/2022\/07\/Zeitspruenge-HBS-Holzmarkt-Vogelperspektive.jpg 1440w, https:\/\/tomil.de\/fotoshopwp\/wp-content\/uploads\/2022\/07\/Zeitspruenge-HBS-Holzmarkt-Vogelperspektive-300x200.jpg 300w, https:\/\/tomil.de\/fotoshopwp\/wp-content\/uploads\/2022\/07\/Zeitspruenge-HBS-Holzmarkt-Vogelperspektive-1030x686.jpg 1030w, https:\/\/tomil.de\/fotoshopwp\/wp-content\/uploads\/2022\/07\/Zeitspruenge-HBS-Holzmarkt-Vogelperspektive-705x470.jpg 705w, https:\/\/tomil.de\/fotoshopwp\/wp-content\/uploads\/2022\/07\/Zeitspruenge-HBS-Holzmarkt-Vogelperspektive-600x400.jpg 600w\" sizes=\"(max-width: 1440px) 100vw, 1440px\" \/><\/div><\/div><\/div><\/div>\n<style type=\"text\/css\" data-created_by=\"avia_inline_auto\" id=\"style-css-av-4pxktv-1ad2c20cbfb69df447cfd01d6fe14dcf\">\n.flex_column.av-4pxktv-1ad2c20cbfb69df447cfd01d6fe14dcf{\n-webkit-border-radius:0px 0px 0px 0px;\n-moz-border-radius:0px 0px 0px 0px;\nborder-radius:0px 0px 0px 0px;\n}\n<\/style>\n<div class='flex_column av-4pxktv-1ad2c20cbfb69df447cfd01d6fe14dcf av_one_third  avia-builder-el-2  el_after_av_two_third  el_before_av_one_full  flex_column_div av-zero-column-padding '     ><section  class='av_textblock_section av-l59pjzzy-63505105ac31ea5461c5341fe077f4d5'  itemscope=\"itemscope\" itemtype=\"https:\/\/schema.org\/BlogPosting\" itemprop=\"blogPost\" ><div class='avia_textblock'  itemprop=\"text\" ><p><strong>Motivinformationen<\/strong><\/p>\n<p><strong>Titel:\u00a0<\/strong>\u00a0<span class=\"fontstyle0\">\u00a0Blick aus der Franziskanerstra\u00dfe auf<br \/>\nden Holzmarkt mit Rathaus, Holzmarktbrunnen und Kommisse<\/p>\n<p><\/span><\/p>\n<p>Historische Aufnahme von <span class=\"fontstyle0\">1900-1910<\/span><span class=\"fontstyle1\"><br \/>\n<span class=\"fontstyle0\">Glasnegativ (Stereoplatte), Inventar-Nr.: FP 00612<\/span><\/p>\n<p><\/span>St\u00e4dtisches Museum Halberstadt<\/p>\n<p>eigene Aufnahme: 2022<\/p>\n<p><strong>Gr\u00f6\u00dfe des Druckes:<\/strong> auf Leinwand lange Kante 150 cm<\/p>\n<p><strong>Dieses Bild enth\u00e4lt Augmented Reality.<\/strong><\/p>\n<\/div><\/section><\/div>\n<style type=\"text\/css\" data-created_by=\"avia_inline_auto\" id=\"style-css-av-2t8srn-07598f3c7740fb2460a16b1d5257ca85\">\n.flex_column.av-2t8srn-07598f3c7740fb2460a16b1d5257ca85{\n-webkit-border-radius:0px 0px 0px 0px;\n-moz-border-radius:0px 0px 0px 0px;\nborder-radius:0px 0px 0px 0px;\n}\n<\/style>\n<div class='flex_column av-2t8srn-07598f3c7740fb2460a16b1d5257ca85 av_one_full  avia-builder-el-4  el_after_av_one_third  avia-builder-el-last  first flex_column_div av-zero-column-padding column-top-margin'     ><style type=\"text\/css\" data-created_by=\"avia_inline_auto\" id=\"style-css-av-l59pnzrb-32ab3b4f6d6e7a4b4ee85aa4e112bda2\">\n#top .av_textblock_section.av-l59pnzrb-32ab3b4f6d6e7a4b4ee85aa4e112bda2 .avia_textblock{\n-webkit-column-count:3;\n-moz-column-count:3;\ncolumn-count:3;\n}\n<\/style>\n<section  class='av_textblock_section av-l59pnzrb-32ab3b4f6d6e7a4b4ee85aa4e112bda2'  itemscope=\"itemscope\" itemtype=\"https:\/\/schema.org\/BlogPosting\" itemprop=\"blogPost\" ><div class='avia_textblock av_multi_colums'  itemprop=\"text\" ><p><span class=\"fontstyle0\"><strong>Blick auf einpulsierendes Marktleben<\/strong><br \/>\nHolzmarkt mit Rathaus<\/p>\n<p><\/span><span class=\"fontstyle0\">M\u00e4rkte sind von jeher der Puls einer Stadt. Als der Halberst\u00e4dter Bischof Hildeward durch K\u00f6nig Otto III. 989 das Markt-, M\u00fcnz-, Zoll- und Bannrecht erhielt, war dies der Ausl\u00f6ser f\u00fcr einen gro\u00dfen Entwicklungsschub f\u00fcr das st\u00e4dtische Gemeinwesen.<\/span><\/p>\n<p><span class=\"fontstyle0\"><br \/>\nErstmals findet sich der Name Holzmarkt in einer Urkunde von 1275. Hier war zu jener Zeit der Hauptumschlagplatz f\u00fcr Holzwaren aller Art.<\/span><\/p>\n<p><span class=\"fontstyle0\"><br \/>\nSeit 1381 erhebt sich das Halberst\u00e4dter Rathaus am Ostrand des Platzes \u2013 damals umgeben von Fachwerkarchitektur. Zerst\u00f6rt am 8. April 1945, stammt der heutige Bau von 1998. Errichtet wurde er auf den Grundmauern des historischen Rathauses \u2013 modern, doch mit einer Nachbildung der einstigen Westfassade, die majest\u00e4tisch zum Holzmarkt gerichtet, den Hintergrund f\u00fcr den Halberst\u00e4dter Roland von 1433 bildet. Auch die wundersch\u00f6ne Ratslaube, ein Loggia-Vorbau<br \/>\ndessen Original aus dem Jahr 1663 stammt, ist heute wieder zu bestaunen. Dank einer Spendenaktion der Initiative Holzmarkt\/Fischmarkt e.V. konnte sie nach historischem Vorbild rekonstruiert werden und schm\u00fcckt seit Juni 2004 wieder die S\u00fcdseite des Rathauses.<\/span><\/p>\n<p><span class=\"fontstyle0\"><br \/>\nIm vorderen Bildbereich f\u00e4llt ein schmucker Brunnen auf, der Holzmarktbrunnen. Das achteckige Becken, um 1800 entstanden, ist reich verziert mit fein ausgearbeiteten Sandsteinornamenten und war, wie schon der vorhergehende Marktbrunnen, mit der st\u00e4dtischen Wasserversorgung, den sogenannten Wasserk\u00fcnsten, verbunden.<\/span><br \/>\n<br class=\"avia-permanent-lb\" \/><br class=\"avia-permanent-lb\" \/><\/p>\n<\/div><\/section><\/div><\/p>\n ","protected":false},"excerpt":{"rendered":"","protected":false},"author":1,"featured_media":1712,"comment_status":"open","ping_status":"open","sticky":false,"template":"","format":"standard","meta":{"jetpack_post_was_ever_published":false,"_jetpack_newsletter_access":"","_jetpack_dont_email_post_to_subs":false,"_jetpack_newsletter_tier_id":0,"footnotes":"","jetpack_publicize_message":"","jetpack_publicize_feature_enabled":true,"jetpack_social_post_already_shared":true,"jetpack_social_options":{"image_generator_settings":{"template":"highway","enabled":false}}},"categories":[69,71,70],"tags":[73],"jetpack_publicize_connections":[],"aioseo_notices":[],"jetpack_sharing_enabled":true,"jetpack_featured_media_url":"https:\/\/tomil.de\/fotoshopwp\/wp-content\/uploads\/2022\/07\/Zeitspruenge-HBS-Holzmarkt-Vogelperspektive.jpg","jetpack_shortlink":"https:\/\/wp.me\/pb03Dh-sb","_links":{"self":[{"href":"https:\/\/tomil.de\/fotoshopwp\/wp-json\/wp\/v2\/posts\/1747"}],"collection":[{"href":"https:\/\/tomil.de\/fotoshopwp\/wp-json\/wp\/v2\/posts"}],"about":[{"href":"https:\/\/tomil.de\/fotoshopwp\/wp-json\/wp\/v2\/types\/post"}],"author":[{"embeddable":true,"href":"https:\/\/tomil.de\/fotoshopwp\/wp-json\/wp\/v2\/users\/1"}],"replies":[{"embeddable":true,"href":"https:\/\/tomil.de\/fotoshopwp\/wp-json\/wp\/v2\/comments?post=1747"}],"version-history":[{"count":2,"href":"https:\/\/tomil.de\/fotoshopwp\/wp-json\/wp\/v2\/posts\/1747\/revisions"}],"predecessor-version":[{"id":1770,"href":"https:\/\/tomil.de\/fotoshopwp\/wp-json\/wp\/v2\/posts\/1747\/revisions\/1770"}],"wp:featuredmedia":[{"embeddable":true,"href":"https:\/\/tomil.de\/fotoshopwp\/wp-json\/wp\/v2\/media\/1712"}],"wp:attachment":[{"href":"https:\/\/tomil.de\/fotoshopwp\/wp-json\/wp\/v2\/media?parent=1747"}],"wp:term":[{"taxonomy":"category","embeddable":true,"href":"https:\/\/tomil.de\/fotoshopwp\/wp-json\/wp\/v2\/categories?post=1747"},{"taxonomy":"post_tag","embeddable":true,"href":"https:\/\/tomil.de\/fotoshopwp\/wp-json\/wp\/v2\/tags?post=1747"}],"curies":[{"name":"wp","href":"https:\/\/api.w.org\/{rel}","templated":true}]}}