{"id":649,"date":"2019-10-17T14:49:41","date_gmt":"2019-10-17T12:49:41","guid":{"rendered":"http:\/\/tomil.de\/fotoshopwp\/?p=649"},"modified":"2024-01-16T15:46:13","modified_gmt":"2024-01-16T14:46:13","slug":"marktschloesschen","status":"publish","type":"post","link":"https:\/\/tomil.de\/fotoshopwp\/marktschloesschen\/","title":{"rendered":"Marktschl\u00f6sschen"},"content":{"rendered":"\n<style type=\"text\/css\" data-created_by=\"avia_inline_auto\" id=\"style-css-av-k1ufzph2-6327953b57b3f01d1be9ed4457e27d47\">\n.flex_column.av-k1ufzph2-6327953b57b3f01d1be9ed4457e27d47{\n-webkit-border-radius:0px 0px 0px 0px;\n-moz-border-radius:0px 0px 0px 0px;\nborder-radius:0px 0px 0px 0px;\n}\n<\/style>\n<div class='flex_column av-k1ufzph2-6327953b57b3f01d1be9ed4457e27d47 av_two_third  avia-builder-el-0  el_before_av_one_third  avia-builder-el-first  first flex_column_div av-zero-column-padding '     ><style type=\"text\/css\" data-created_by=\"avia_inline_auto\" id=\"style-css-av-k1ugbf79-6824e4c66c7b0758111b205701e93892\">\n.avia-image-container.av-k1ugbf79-6824e4c66c7b0758111b205701e93892 img.avia_image{\nbox-shadow:none;\n}\n.avia-image-container.av-k1ugbf79-6824e4c66c7b0758111b205701e93892 .av-image-caption-overlay-center{\ncolor:#ffffff;\n}\n<\/style>\n<div  class='avia-image-container av-k1ugbf79-6824e4c66c7b0758111b205701e93892 av-styling- avia-align-left  avia-builder-el-1  avia-builder-el-no-sibling '   itemprop=\"image\" itemscope=\"itemscope\" itemtype=\"https:\/\/schema.org\/ImageObject\" ><div class=\"avia-image-container-inner\"><div class=\"avia-image-overlay-wrap\"><a href=\"https:\/\/tomil.de\/fotoshopwp\/wp-content\/uploads\/2019\/10\/M\u00f6ll-27-bearbeitet-1.jpg\" data-srcset=\"https:\/\/tomil.de\/fotoshopwp\/wp-content\/uploads\/2019\/10\/M\u00f6ll-27-bearbeitet-1.jpg 800w, https:\/\/tomil.de\/fotoshopwp\/wp-content\/uploads\/2019\/10\/M\u00f6ll-27-bearbeitet-1-600x416.jpg 600w, https:\/\/tomil.de\/fotoshopwp\/wp-content\/uploads\/2019\/10\/M\u00f6ll-27-bearbeitet-1-300x208.jpg 300w, https:\/\/tomil.de\/fotoshopwp\/wp-content\/uploads\/2019\/10\/M\u00f6ll-27-bearbeitet-1-705x488.jpg 705w\" data-sizes=\"(max-width: 800px) 100vw, 800px\" class='avia_image' ><img decoding=\"async\" class='wp-image-915 avia-img-lazy-loading-not-915 avia_image ' src=\"https:\/\/tomil.de\/fotoshopwp\/wp-content\/uploads\/2019\/10\/M\u00f6ll-27-bearbeitet-1.jpg\" alt='' title='Marktschl\u00f6\u00dfchen - Marktplatz 13'  height=\"554\" width=\"800\"  itemprop=\"thumbnailUrl\" srcset=\"https:\/\/tomil.de\/fotoshopwp\/wp-content\/uploads\/2019\/10\/M\u00f6ll-27-bearbeitet-1.jpg 800w, https:\/\/tomil.de\/fotoshopwp\/wp-content\/uploads\/2019\/10\/M\u00f6ll-27-bearbeitet-1-600x416.jpg 600w, https:\/\/tomil.de\/fotoshopwp\/wp-content\/uploads\/2019\/10\/M\u00f6ll-27-bearbeitet-1-300x208.jpg 300w, https:\/\/tomil.de\/fotoshopwp\/wp-content\/uploads\/2019\/10\/M\u00f6ll-27-bearbeitet-1-705x488.jpg 705w\" sizes=\"(max-width: 800px) 100vw, 800px\" \/><\/a><\/div><\/div><\/div><\/div>\n\n<style type=\"text\/css\" data-created_by=\"avia_inline_auto\" id=\"style-css-av-l9idd-88a30af2fe9199df6d380d2eb7315b6c\">\n.flex_column.av-l9idd-88a30af2fe9199df6d380d2eb7315b6c{\n-webkit-border-radius:0px 0px 0px 0px;\n-moz-border-radius:0px 0px 0px 0px;\nborder-radius:0px 0px 0px 0px;\n}\n<\/style>\n<div class='flex_column av-l9idd-88a30af2fe9199df6d380d2eb7315b6c av_one_third  avia-builder-el-2  el_after_av_two_third  el_before_av_one_full  flex_column_div av-zero-column-padding '     ><p><section  class='av_textblock_section av-k1un2w6w-9968fc6168d8ee3d7f30a3f5cf192558'  itemscope=\"itemscope\" itemtype=\"https:\/\/schema.org\/BlogPosting\" itemprop=\"blogPost\" ><div class='avia_textblock'  itemprop=\"text\" ><p><strong>Motivinformationen<\/strong><\/p>\n<p><strong>Titel: <\/strong>Marktschl\u00f6sschen<\/p>\n<p>Standort 51\u00b0 28\u2019 58.865\u201d N, 11\u00b0 58\u2019 6.373\u201d O<br \/>\nin der 2. H\u00e4lfte des 16. Jahrhundert im Renaissancestil erbaut<br \/>\nHistorische Aufnahme von<br \/>\nFritz M\u00f6ller , um 1900<br \/>\nGlasnegativ 13 x 18 cm, gescannt<br \/>\nStadtarchiv Halle<br \/>\nSignatur: M\u00f6ll 27<\/p>\n<p>eigene Aufnahme: 2019<\/p>\n<p><strong>Gr\u00f6\u00dfe des Druckes:<\/strong> 58&#215;40 cm<\/p>\n<p><strong>Rahmung:<\/strong><\/p>\n<ul>\n<li>Nielsen C2 Alu strukturiert schwarz-matt<\/li>\n<li>Format 71 x 56 cm<\/li>\n<li><u>Glas entspiegelt und mit UV-Schutz<\/u><\/li>\n<li>Passepartoutmappe altwei\u00df<\/li>\n<\/ul>\n<p><strong>Auflage:<\/strong> 5, mit Zertifikat und registriert bei Hahnem\u00fchle<\/p>\n<p><strong>Dieses Bild enth\u00e4lt Augmented Reality.<\/strong><\/p>\n<\/div><\/section><br \/>\n\n<style type=\"text\/css\" data-created_by=\"avia_inline_auto\" id=\"style-css-av-k1up7k66-378ae7fb3dbacf8513e8ca100ad5b0fd\">\n.avia-progress-bar-container.av-k1up7k66-378ae7fb3dbacf8513e8ca100ad5b0fd .progress{\nheight:10px;\n}\n<\/style>\n\n<style type=\"text\/css\" data-created_by=\"avia_inline_auto\" id=\"style-css-sub-av-k1up7k66-378ae7fb3dbacf8513e8ca100ad5b0fd\">\n#top .avia-progress-bar-container .avia-progress-bar.av-1670p-7db8b4f32ea20a8a58e604781f24a9f2 .bar{\nwidth:100%;\n}\n<\/style>\n<div  class='avia-progress-bar-container av-k1up7k66-378ae7fb3dbacf8513e8ca100ad5b0fd av-striped-bar av-animated-bar av-small-bar avia_animate_when_almost_visible  avia-builder-el-4  el_after_av_textblock  el_before_av_button '><div class='avia-progress-bar av-1670p-7db8b4f32ea20a8a58e604781f24a9f2 icon-bar-yes theme-color-bar theme-color-bar icon-bar-yes'><div class=\"progressbar-title-wrap\"><div class='progressbar-icon'><span class='progressbar-char' aria-hidden='true' data-av_icon='\ue909' data-av_iconfont='entypo-fontello'><\/span><\/div><div class='progressbar-title'>Verf\u00fcgbar<\/div><\/div><div class=\"progress\"><div class=\"bar-outer\"><div class='bar' data-progress='100'><\/div><\/div><\/div><\/div><\/div><br \/>\n<div  class='avia-button-wrap av-k28w0eon-bfcea5a2fb231292cdf0ffe434e6f111-wrap avia-button-left  avia-builder-el-5  el_after_av_progress  avia-builder-el-last ' ><a href='http:\/\/tomil.de\/fotoshopwp\/kontakt-2\/'  class='avia-button av-k28w0eon-bfcea5a2fb231292cdf0ffe434e6f111 avia-icon_select-no avia-size-small avia-position-left avia-color-theme-color'  target=\"_blank\"  rel=\"noopener noreferrer\"><span class='avia_iconbox_title' >Anfrage<\/span><\/a><\/div><\/p><\/div>\n<style type=\"text\/css\" data-created_by=\"avia_inline_auto\" id=\"style-css-av-143eh-fb1f7bd0ea29f5d7bfc55003a038e2f5\">\n.flex_column.av-143eh-fb1f7bd0ea29f5d7bfc55003a038e2f5{\n-webkit-border-radius:0px 0px 0px 0px;\n-moz-border-radius:0px 0px 0px 0px;\nborder-radius:0px 0px 0px 0px;\n}\n<\/style>\n<div class='flex_column av-143eh-fb1f7bd0ea29f5d7bfc55003a038e2f5 av_one_full  avia-builder-el-6  el_after_av_one_third  avia-builder-el-last  first flex_column_div av-zero-column-padding column-top-margin'     ><style type=\"text\/css\" data-created_by=\"avia_inline_auto\" id=\"style-css-av-k1uji67x-90205e7a98b7fda6d406331828380d1f\">\n#top .av_textblock_section.av-k1uji67x-90205e7a98b7fda6d406331828380d1f .avia_textblock{\n-webkit-column-count:3;\n-moz-column-count:3;\ncolumn-count:3;\n}\n<\/style>\n<section  class='av_textblock_section av-k1uji67x-90205e7a98b7fda6d406331828380d1f'  itemscope=\"itemscope\" itemtype=\"https:\/\/schema.org\/BlogPosting\" itemprop=\"blogPost\" ><div class='avia_textblock av_multi_colums'  itemprop=\"text\" ><p><strong>Marktschl\u00f6sschen<\/strong><br \/>\nMarktplatz 13<\/p>\n<p>Anders als der Name suggeriert, ist das \u201eMarktschl\u00f6\u00dfchen\u201d nicht als Schloss, sondern als Patrizierhaus errichtet worden. Es gilt als eines der sch\u00f6nsten Beispiele der halleschen Sp\u00e4trenaissance. Neben dem Roten Turm und der Marktkirche St. Marien setzt die asymmetrisch angelegte Dreifl\u00fcgelanlage einen wirkungsvollen st\u00e4dtebaulichen Akzent auf dem halleschen Marktplatz. Das Geb\u00e4ude erhebt sich \u00fcber drei Geschosse. Ein Wendelstein mit Schweifhaube \u00fcberragt das steile Satteldach mit zentralem Zwerchhaus und Schweifgiebeln.<\/p>\n<p>1746 erwirbt der Apotheker Christian Friedrich Zepernick das Haus und richtet dort die 1555 gegr\u00fcndete L\u00f6wenapotheke ein. Seitdem wurde es auch \u201eZepernicksches Haus\u201d genannt. Sein heutiger Name geht vermutlich auf das 1883 im 1. Obergeschoss befindliche Restaurant und Caf\u00e9 \u201eMarktschl\u00f6\u00dfchen\u201d zur\u00fcck. Seit dieser Zeit dienten die R\u00e4umlichkeiten des Hauses immer wieder unterschiedlichen Gastst\u00e4tten: von 1920 bis 1929 befand sich hier die \u201cRatsschenke\u201d, heute bedient hier das \u201eHallorencaf\u00e9\u201d seine G\u00e4ste.<\/p>\n<p>Zu Zeiten der historischen Aufnahme war in diesem Geb\u00e4ude eine \u201eStahlwaaren\u201d- Handlung von J. A. Henckels (Solingen, Zwillinge) untergebracht. Rechterhand im Bild ist die Fassade des Modewarengesch\u00e4ftes sowie der Damen-M\u00e4ntel-Fabrik G. Assmann zu sehen. 1899 wurden umfangreiche Instandsetzungsarbeiten an der Fassade des \u201eMarktschl\u00f6\u00dfchens\u201d durchgef\u00fchrt, welche sich heute noch an der Schaufensterfront im Untergeschoss<br \/>\nwiderspiegeln.<\/p>\n<p>Im Erdgeschoss befindet sich die Tourist-Information der Stadt Halle, sowie der Uni-Shop,<br \/>\nder ein breites Angebot an Merchandise-Artikeln der Universit\u00e4t anbietet.<\/p>\n<\/div><\/section><\/div><\/p>\n ","protected":false},"excerpt":{"rendered":"","protected":false},"author":1,"featured_media":708,"comment_status":"open","ping_status":"open","sticky":false,"template":"","format":"standard","meta":{"jetpack_post_was_ever_published":false,"_jetpack_newsletter_access":"","_jetpack_dont_email_post_to_subs":false,"_jetpack_newsletter_tier_id":0,"footnotes":"","jetpack_publicize_message":"","jetpack_publicize_feature_enabled":true,"jetpack_social_post_already_shared":true,"jetpack_social_options":{"image_generator_settings":{"template":"highway","enabled":false}}},"categories":[12,63,72,62,64,13],"tags":[73,14,15,17],"jetpack_publicize_connections":[],"aioseo_notices":[],"jetpack_sharing_enabled":true,"jetpack_featured_media_url":"https:\/\/tomil.de\/fotoshopwp\/wp-content\/uploads\/2019\/10\/M\u00f6ll-27-bearbeitet.jpg","jetpack_shortlink":"https:\/\/wp.me\/pb03Dh-at","_links":{"self":[{"href":"https:\/\/tomil.de\/fotoshopwp\/wp-json\/wp\/v2\/posts\/649"}],"collection":[{"href":"https:\/\/tomil.de\/fotoshopwp\/wp-json\/wp\/v2\/posts"}],"about":[{"href":"https:\/\/tomil.de\/fotoshopwp\/wp-json\/wp\/v2\/types\/post"}],"author":[{"embeddable":true,"href":"https:\/\/tomil.de\/fotoshopwp\/wp-json\/wp\/v2\/users\/1"}],"replies":[{"embeddable":true,"href":"https:\/\/tomil.de\/fotoshopwp\/wp-json\/wp\/v2\/comments?post=649"}],"version-history":[{"count":39,"href":"https:\/\/tomil.de\/fotoshopwp\/wp-json\/wp\/v2\/posts\/649\/revisions"}],"predecessor-version":[{"id":1818,"href":"https:\/\/tomil.de\/fotoshopwp\/wp-json\/wp\/v2\/posts\/649\/revisions\/1818"}],"wp:featuredmedia":[{"embeddable":true,"href":"https:\/\/tomil.de\/fotoshopwp\/wp-json\/wp\/v2\/media\/708"}],"wp:attachment":[{"href":"https:\/\/tomil.de\/fotoshopwp\/wp-json\/wp\/v2\/media?parent=649"}],"wp:term":[{"taxonomy":"category","embeddable":true,"href":"https:\/\/tomil.de\/fotoshopwp\/wp-json\/wp\/v2\/categories?post=649"},{"taxonomy":"post_tag","embeddable":true,"href":"https:\/\/tomil.de\/fotoshopwp\/wp-json\/wp\/v2\/tags?post=649"}],"curies":[{"name":"wp","href":"https:\/\/api.w.org\/{rel}","templated":true}]}}