{"id":738,"date":"2019-10-21T13:20:05","date_gmt":"2019-10-21T11:20:05","guid":{"rendered":"http:\/\/tomil.de\/fotoshopwp\/?p=738"},"modified":"2024-01-16T15:46:13","modified_gmt":"2024-01-16T14:46:13","slug":"universitaets-und-landesbibliothek-magazin-sachsen-anhalt","status":"publish","type":"post","link":"https:\/\/tomil.de\/fotoshopwp\/universitaets-und-landesbibliothek-magazin-sachsen-anhalt\/","title":{"rendered":"Magazinbibliothek"},"content":{"rendered":"\n<style type=\"text\/css\" data-created_by=\"avia_inline_auto\" id=\"style-css-av-k1ufzph2-6327953b57b3f01d1be9ed4457e27d47\">\n.flex_column.av-k1ufzph2-6327953b57b3f01d1be9ed4457e27d47{\n-webkit-border-radius:0px 0px 0px 0px;\n-moz-border-radius:0px 0px 0px 0px;\nborder-radius:0px 0px 0px 0px;\n}\n<\/style>\n<div class='flex_column av-k1ufzph2-6327953b57b3f01d1be9ed4457e27d47 av_two_third  avia-builder-el-0  el_before_av_one_third  avia-builder-el-first  first flex_column_div av-zero-column-padding '     ><style type=\"text\/css\" data-created_by=\"avia_inline_auto\" id=\"style-css-av-k1ugbf79-b7baf9e6e1352b8d7feb374a3d786a45\">\n.avia-image-container.av-k1ugbf79-b7baf9e6e1352b8d7feb374a3d786a45 img.avia_image{\nbox-shadow:none;\n}\n.avia-image-container.av-k1ugbf79-b7baf9e6e1352b8d7feb374a3d786a45 .av-image-caption-overlay-center{\ncolor:#ffffff;\n}\n<\/style>\n<div  class='avia-image-container av-k1ugbf79-b7baf9e6e1352b8d7feb374a3d786a45 av-styling- avia-align-left  avia-builder-el-1  avia-builder-el-no-sibling '   itemprop=\"image\" itemscope=\"itemscope\" itemtype=\"https:\/\/schema.org\/ImageObject\" ><div class=\"avia-image-container-inner\"><div class=\"avia-image-overlay-wrap\"><img decoding=\"async\" class='wp-image-867 avia-img-lazy-loading-not-867 avia_image ' src=\"https:\/\/tomil.de\/fotoshopwp\/wp-content\/uploads\/2019\/10\/M\u00f6ll-148-Bearbeitet-1.jpg\" alt='' title='Universit\u00e4ts- und Landesbibliothek Sachsen-Anhalt - Magazinbibliothek, August-Bebel-Stra\u00dfe 50'  height=\"553\" width=\"800\"  itemprop=\"thumbnailUrl\" srcset=\"https:\/\/tomil.de\/fotoshopwp\/wp-content\/uploads\/2019\/10\/M\u00f6ll-148-Bearbeitet-1.jpg 800w, https:\/\/tomil.de\/fotoshopwp\/wp-content\/uploads\/2019\/10\/M\u00f6ll-148-Bearbeitet-1-600x415.jpg 600w, https:\/\/tomil.de\/fotoshopwp\/wp-content\/uploads\/2019\/10\/M\u00f6ll-148-Bearbeitet-1-300x207.jpg 300w, https:\/\/tomil.de\/fotoshopwp\/wp-content\/uploads\/2019\/10\/M\u00f6ll-148-Bearbeitet-1-705x487.jpg 705w\" sizes=\"(max-width: 800px) 100vw, 800px\" \/><\/div><\/div><\/div><\/div>\n\n<style type=\"text\/css\" data-created_by=\"avia_inline_auto\" id=\"style-css-av-l9idd-88a30af2fe9199df6d380d2eb7315b6c\">\n.flex_column.av-l9idd-88a30af2fe9199df6d380d2eb7315b6c{\n-webkit-border-radius:0px 0px 0px 0px;\n-moz-border-radius:0px 0px 0px 0px;\nborder-radius:0px 0px 0px 0px;\n}\n<\/style>\n<div class='flex_column av-l9idd-88a30af2fe9199df6d380d2eb7315b6c av_one_third  avia-builder-el-2  el_after_av_two_third  el_before_av_one_full  flex_column_div av-zero-column-padding '     ><p><section  class='av_textblock_section av-k1un2w6w-e5cc5df0edceb1bd9396a64d0df1004d'  itemscope=\"itemscope\" itemtype=\"https:\/\/schema.org\/BlogPosting\" itemprop=\"blogPost\" ><div class='avia_textblock'  itemprop=\"text\" ><p><strong>Motivinformationen<\/strong><\/p>\n<p><strong>Titel:\u00a0<\/strong>Universit\u00e4ts- und Landesbibliothek<br \/>\nSachsen-Anhalt, Magazinbibliothek, August-Bebel-Stra\u00dfe 50<\/p>\n<p>Standort 51\u00b0 29\u2019 21.451\u201d N, 11\u00b0 58\u2019 11.147\u201d O<br \/>\n1878 \u2013 1880 erbaut, Eisenskelettbau<br \/>\nHistorische Aufnahme von Fritz M\u00f6ller , 1890<br \/>\nGlasnegativ 13 x 18 cm, gescannt<br \/>\nStadtarchiv Halle<br \/>\nSignatur: M\u00f6ll 148<\/p>\n<p>eigene Aufnahme: 2019<\/p>\n<p><strong>Gr\u00f6\u00dfe des Druckes:<\/strong> 58&#215;40 cm<\/p>\n<p><strong>Rahmung:<\/strong><\/p>\n<ul>\n<li>Nielsen C2 Alu strukturiert schwarz-matt<\/li>\n<li>Format 71 x 56 cm<\/li>\n<li><u>Glas entspiegelt und mit UV-Schutz<\/u><\/li>\n<li>Passepartoutmappe altwei\u00df<\/li>\n<\/ul>\n<p><strong>Auflage:<\/strong> 5<\/p>\n<\/div><\/section><br \/>\n\n<style type=\"text\/css\" data-created_by=\"avia_inline_auto\" id=\"style-css-av-k1up7k66-0955de8ca5cd1ec2bc21f8e00c2ca472\">\n.avia-progress-bar-container.av-k1up7k66-0955de8ca5cd1ec2bc21f8e00c2ca472 .progress{\nheight:10px;\n}\n<\/style>\n\n<style type=\"text\/css\" data-created_by=\"avia_inline_auto\" id=\"style-css-sub-av-k1up7k66-0955de8ca5cd1ec2bc21f8e00c2ca472\">\n#top .avia-progress-bar-container .avia-progress-bar.av-awpwy-464241b8a176f8ca01679cc1779692ad .bar{\nwidth:80%;\n}\n<\/style>\n<div  class='avia-progress-bar-container av-k1up7k66-0955de8ca5cd1ec2bc21f8e00c2ca472 av-striped-bar av-animated-bar av-small-bar avia_animate_when_almost_visible  avia-builder-el-4  el_after_av_textblock  el_before_av_button '><div class='avia-progress-bar av-awpwy-464241b8a176f8ca01679cc1779692ad icon-bar-yes theme-color-bar theme-color-bar icon-bar-yes'><div class=\"progressbar-title-wrap\"><div class='progressbar-icon'><span class='progressbar-char' aria-hidden='true' data-av_icon='\ue909' data-av_iconfont='entypo-fontello'><\/span><\/div><div class='progressbar-title'>Verf\u00fcgbar<\/div><\/div><div class=\"progress\"><div class=\"bar-outer\"><div class='bar' data-progress='80'><\/div><\/div><\/div><\/div><\/div><br \/>\n<div  class='avia-button-wrap av-k28w0eon-bfcea5a2fb231292cdf0ffe434e6f111-wrap avia-button-left  avia-builder-el-5  el_after_av_progress  avia-builder-el-last ' ><a href='http:\/\/tomil.de\/fotoshopwp\/kontakt-2\/'  class='avia-button av-k28w0eon-bfcea5a2fb231292cdf0ffe434e6f111 avia-icon_select-no avia-size-small avia-position-left avia-color-theme-color'  target=\"_blank\"  rel=\"noopener noreferrer\"><span class='avia_iconbox_title' >Anfrage<\/span><\/a><\/div><\/p><\/div>\n\n<style type=\"text\/css\" data-created_by=\"avia_inline_auto\" id=\"style-css-av-143eh-fb1f7bd0ea29f5d7bfc55003a038e2f5\">\n.flex_column.av-143eh-fb1f7bd0ea29f5d7bfc55003a038e2f5{\n-webkit-border-radius:0px 0px 0px 0px;\n-moz-border-radius:0px 0px 0px 0px;\nborder-radius:0px 0px 0px 0px;\n}\n<\/style>\n<div class='flex_column av-143eh-fb1f7bd0ea29f5d7bfc55003a038e2f5 av_one_full  avia-builder-el-6  el_after_av_one_third  avia-builder-el-last  first flex_column_div av-zero-column-padding column-top-margin'     ><style type=\"text\/css\" data-created_by=\"avia_inline_auto\" id=\"style-css-av-k1uji67x-90205e7a98b7fda6d406331828380d1f\">\n#top .av_textblock_section.av-k1uji67x-90205e7a98b7fda6d406331828380d1f .avia_textblock{\n-webkit-column-count:3;\n-moz-column-count:3;\ncolumn-count:3;\n}\n<\/style>\n<section  class='av_textblock_section av-k1uji67x-90205e7a98b7fda6d406331828380d1f'  itemscope=\"itemscope\" itemtype=\"https:\/\/schema.org\/BlogPosting\" itemprop=\"blogPost\" ><div class='avia_textblock av_multi_colums'  itemprop=\"text\" ><p><strong>Universit\u00e4ts- und Landesbibliothek <\/strong><strong>Sachsen-Anhalt, <\/strong>Magazinbibliothek, August-Bebel-Stra\u00dfe 50<\/p>\n<p>Der Architekt Ludwig von Tiedemann (1841 \u20131908) schuf den seinerzeit modernsten Bibliotheksbau im Deutschen Reich unter Beratung von Martin Gropius (1824 \u2013 1880).<br \/>\nDieses Geb\u00e4ude ist eine der ersten Magazinbibliotheken Deutschlands. Die rasterartige Fassadengliederung greift die Funktion des Baus als B\u00fcchermagazin auf und ist ein fr\u00fches Beispiel f\u00fcr funktionelles Bauen. Das in einer Eisenskelettkonstruktion ausgef\u00fchrte Magazin erstreckt sich \u00fcber die gesamte Geb\u00e4udeh\u00f6he. In den Untergeschossen des vorderen Geb\u00e4udeteils befinden sich der gew\u00f6lbte Lesesaal und verschiedene Verwaltungsr\u00e4ume.<br \/>\nBei einer umfassenden Restaurierung im Jahre 1998 wurde die originale Wandfassung der Innenr\u00e4ume wiederhergestellt. Das Erscheinungsbild des Geb\u00e4udes blieb im Laufe der Jahre unver\u00e4ndert.<br \/>\nIm rechten Vordergrund des Bildes sieht man den Erker eines Geb\u00e4udes, welches heute von der Deutschen Akademie der Naturforscher Leopoldina genutzt wird.<\/p>\n<\/div><\/section><\/div>\n ","protected":false},"excerpt":{"rendered":"","protected":false},"author":1,"featured_media":710,"comment_status":"open","ping_status":"open","sticky":false,"template":"","format":"standard","meta":{"jetpack_post_was_ever_published":false,"_jetpack_newsletter_access":"","_jetpack_dont_email_post_to_subs":false,"_jetpack_newsletter_tier_id":0,"footnotes":"","jetpack_publicize_message":"","jetpack_publicize_feature_enabled":true,"jetpack_social_post_already_shared":true,"jetpack_social_options":{"image_generator_settings":{"template":"highway","enabled":false}}},"categories":[12,72,13],"tags":[73,17],"jetpack_publicize_connections":[],"aioseo_notices":[],"jetpack_sharing_enabled":true,"jetpack_featured_media_url":"https:\/\/tomil.de\/fotoshopwp\/wp-content\/uploads\/2019\/10\/M\u00f6ll-148-Bearbeitet.jpg","jetpack_shortlink":"https:\/\/wp.me\/pb03Dh-bU","_links":{"self":[{"href":"https:\/\/tomil.de\/fotoshopwp\/wp-json\/wp\/v2\/posts\/738"}],"collection":[{"href":"https:\/\/tomil.de\/fotoshopwp\/wp-json\/wp\/v2\/posts"}],"about":[{"href":"https:\/\/tomil.de\/fotoshopwp\/wp-json\/wp\/v2\/types\/post"}],"author":[{"embeddable":true,"href":"https:\/\/tomil.de\/fotoshopwp\/wp-json\/wp\/v2\/users\/1"}],"replies":[{"embeddable":true,"href":"https:\/\/tomil.de\/fotoshopwp\/wp-json\/wp\/v2\/comments?post=738"}],"version-history":[{"count":11,"href":"https:\/\/tomil.de\/fotoshopwp\/wp-json\/wp\/v2\/posts\/738\/revisions"}],"predecessor-version":[{"id":1642,"href":"https:\/\/tomil.de\/fotoshopwp\/wp-json\/wp\/v2\/posts\/738\/revisions\/1642"}],"wp:featuredmedia":[{"embeddable":true,"href":"https:\/\/tomil.de\/fotoshopwp\/wp-json\/wp\/v2\/media\/710"}],"wp:attachment":[{"href":"https:\/\/tomil.de\/fotoshopwp\/wp-json\/wp\/v2\/media?parent=738"}],"wp:term":[{"taxonomy":"category","embeddable":true,"href":"https:\/\/tomil.de\/fotoshopwp\/wp-json\/wp\/v2\/categories?post=738"},{"taxonomy":"post_tag","embeddable":true,"href":"https:\/\/tomil.de\/fotoshopwp\/wp-json\/wp\/v2\/tags?post=738"}],"curies":[{"name":"wp","href":"https:\/\/api.w.org\/{rel}","templated":true}]}}